{"id":47274,"date":"2026-05-01T21:29:50","date_gmt":"2026-05-02T03:29:50","guid":{"rendered":"https:\/\/gerardoduque.com.mx\/?p=47274"},"modified":"2026-05-01T21:29:55","modified_gmt":"2026-05-02T03:29:55","slug":"dos-muertos-y-tres-heridos-deja-choque-frontal-en-carr-rioverde-rayon","status":"publish","type":"post","link":"https:\/\/gerardoduque.com.mx\/?p=47274","title":{"rendered":"DOS MUERTOS Y TRES HERIDOS DEJA CHOQUE FRONTAL EN CARR. RIOVERDE &#8211; RAY\u00d3N"},"content":{"rendered":"\n<p>Un fuerte accidente carretero registrado la tarde de este viernes, en pleno arranque del \u201cmegapuente\u201d, en Rioverde, dej\u00f3 como saldo dos personas sin vida y tres m\u00e1s gravemente lesionadas sobre la Carretera Federal 70, en el tramo Rioverde\u2013Ray\u00f3n, a la altura del kil\u00f3metro 17, cerca del entronque hacia Santa Rita.<\/p>\n\n\n\n<p>De acuerdo con los primeros reportes, el percance ocurri\u00f3 cuando una camioneta tipo SUV y una unidad de carga colisionaron de manera frontal. El impacto provoc\u00f3 la movilizaci\u00f3n inmediata de cuerpos de emergencia y elementos de la Guardia Nacional.<\/p>\n\n\n\n<p>Al sitio acudieron param\u00e9dicos y personal del Cuerpo de Bomberos de Rioverde, quienes realizaron labores de rescate, ya que varias personas quedaron prensadas entre los restos de los veh\u00edculos.<\/p>\n\n\n\n<p>Informaci\u00f3n preliminar se\u00f1ala que las v\u00edctimas mortales ser\u00edan los conductores de ambas unidades, aunque esta versi\u00f3n a\u00fan no ha sido confirmada oficialmente por las autoridades.<\/p>\n\n\n\n<p>Los tres lesionados fueron trasladados a distintos centros hospitalarios de la regi\u00f3n, donde su estado de salud se reporta como delicado.<\/p>\n\n\n\n<p>Debido a las maniobras de rescate y el levantamiento de los cuerpos, la circulaci\u00f3n en la zona se vio parcialmente afectada durante varias horas, generando filas de veh\u00edculos en ambos sentidos.<\/p>\n\n\n\n<p>Autoridades estatales hicieron un llamado a la ciudadan\u00eda a extremar precauciones durante este periodo vacacional, especialmente ante el incremento de flujo vehicular por el \u201cmegapuente\u201d, recomendando revisar las condiciones mec\u00e1nicas de los veh\u00edculos y evitar conducir en estado de fatiga para prevenir tragedias en carretera.<\/p>\n","protected":false},"excerpt":{"rendered":"<p>Las v\u00edctimas quedaron prensadas<\/p>\n","protected":false},"author":4,"featured_media":47275,"comment_status":"closed","ping_status":"closed","sticky":false,"template":"","format":"standard","meta":{"_et_pb_use_builder":"off","_et_pb_old_content":"","_et_gb_content_width":"","footnotes":""},"categories":[412,62],"tags":[],"class_list":["post-47274","post","type-post","status-publish","format-standard","has-post-thumbnail","hentry","category-destacado","category-redaccion"],"_links":{"self":[{"href":"https:\/\/gerardoduque.com.mx\/index.php?rest_route=\/wp\/v2\/posts\/47274","targetHints":{"allow":["GET"]}}],"collection":[{"href":"https:\/\/gerardoduque.com.mx\/index.php?rest_route=\/wp\/v2\/posts"}],"about":[{"href":"https:\/\/gerardoduque.com.mx\/index.php?rest_route=\/wp\/v2\/types\/post"}],"author":[{"embeddable":true,"href":"https:\/\/gerardoduque.com.mx\/index.php?rest_route=\/wp\/v2\/users\/4"}],"replies":[{"embeddable":true,"href":"https:\/\/gerardoduque.com.mx\/index.php?rest_route=%2Fwp%2Fv2%2Fcomments&post=47274"}],"version-history":[{"count":1,"href":"https:\/\/gerardoduque.com.mx\/index.php?rest_route=\/wp\/v2\/posts\/47274\/revisions"}],"predecessor-version":[{"id":47276,"href":"https:\/\/gerardoduque.com.mx\/index.php?rest_route=\/wp\/v2\/posts\/47274\/revisions\/47276"}],"wp:featuredmedia":[{"embeddable":true,"href":"https:\/\/gerardoduque.com.mx\/index.php?rest_route=\/wp\/v2\/media\/47275"}],"wp:attachment":[{"href":"https:\/\/gerardoduque.com.mx\/index.php?rest_route=%2Fwp%2Fv2%2Fmedia&parent=47274"}],"wp:term":[{"taxonomy":"category","embeddable":true,"href":"https:\/\/gerardoduque.com.mx\/index.php?rest_route=%2Fwp%2Fv2%2Fcategories&post=47274"},{"taxonomy":"post_tag","embeddable":true,"href":"https:\/\/gerardoduque.com.mx\/index.php?rest_route=%2Fwp%2Fv2%2Ftags&post=47274"}],"curies":[{"name":"wp","href":"https:\/\/api.w.org\/{rel}","templated":true}]}}