{"id":47268,"date":"2026-05-01T20:40:31","date_gmt":"2026-05-02T02:40:31","guid":{"rendered":"https:\/\/gerardoduque.com.mx\/?p=47268"},"modified":"2026-05-01T20:40:35","modified_gmt":"2026-05-02T02:40:35","slug":"alcalde-de-cardenas-protagoniza-agresion-en-la-via-publica","status":"publish","type":"post","link":"https:\/\/gerardoduque.com.mx\/?p=47268","title":{"rendered":"ALCALDE DE C\u00c1RDENAS PROTAGONIZA AGRESI\u00d3N EN LA V\u00cdA P\u00daBLICA"},"content":{"rendered":"\n<p>El presidente municipal de C\u00e1rdenas, Edgar Miguel Gonz\u00e1lez Aguilar, fue videograbado participando en la agresi\u00f3n f\u00edsica contra un ciudadano en calles de la cabecera municipal.<\/p>\n\n\n\n<p>El hecho ocurri\u00f3 durante la madrugada en la esquina de las calles Guerrero y Carranza, donde vecinos del sector captaron en video el momento en que el edil, acompa\u00f1ado de otros dos hombres vestidos de civil, golpea a un individuo en la v\u00eda p\u00fablica. El material comenz\u00f3 a circular en redes sociales, generando reacciones entre usuarios.<\/p>\n\n\n\n<p>En las im\u00e1genes se observa al alcalde portando una playera blanca y short, mientras participa en el altercado. Posteriormente, se aprecia la llegada de m\u00e1s personas, algunas a pie y otras a bordo de una cuatrimoto. Para ese momento, la persona agredida ya se encontraba en el suelo sin poder reincorporarse.<\/p>\n\n\n\n<p>Solicitamos una entrevista con el presidente municipal a trav\u00e9s del \u00e1rea de Comunicaci\u00f3n Social; sin embargo, no se obtuvo respuesta.<\/p>\n\n\n\n<p>Tras la difusi\u00f3n del video, el Ayuntamiento de C\u00e1rdenas emiti\u00f3 un comunicado institucional en el que reconoce que ocurri\u00f3 un altercado, aunque omite mencionar directamente al alcalde. En el documento se se\u00f1ala que los hechos se originaron cuando una persona lleg\u00f3 en estado alterado a un domicilio particular, generando una situaci\u00f3n de tensi\u00f3n que deriv\u00f3 en un conflicto entre particulares.<\/p>\n\n\n\n<p>Asimismo, el gobierno municipal indic\u00f3 que existi\u00f3 una agresi\u00f3n inicial previa a los hechos y que ser\u00e1n las autoridades competentes las encargadas de determinar responsabilidades conforme a derecho y bajo el debido proceso.<\/p>\n\n\n\n<p>\u201cEl Gobierno Municipal reitera su respeto absoluto a la legalidad, a los derechos humanos y a la convivencia pac\u00edfica entre la ciudadan\u00eda\u201d, concluye el comunicado.<\/p>\n","protected":false},"excerpt":{"rendered":"<p>Video difundido en redes sociales muestra al edil golpeando a un ciudadano junto a otros dos hombres durante la madrugada<\/p>\n","protected":false},"author":4,"featured_media":47269,"comment_status":"closed","ping_status":"closed","sticky":false,"template":"","format":"standard","meta":{"_et_pb_use_builder":"off","_et_pb_old_content":"","_et_gb_content_width":"","footnotes":""},"categories":[412,62],"tags":[],"class_list":["post-47268","post","type-post","status-publish","format-standard","has-post-thumbnail","hentry","category-destacado","category-redaccion"],"_links":{"self":[{"href":"https:\/\/gerardoduque.com.mx\/index.php?rest_route=\/wp\/v2\/posts\/47268","targetHints":{"allow":["GET"]}}],"collection":[{"href":"https:\/\/gerardoduque.com.mx\/index.php?rest_route=\/wp\/v2\/posts"}],"about":[{"href":"https:\/\/gerardoduque.com.mx\/index.php?rest_route=\/wp\/v2\/types\/post"}],"author":[{"embeddable":true,"href":"https:\/\/gerardoduque.com.mx\/index.php?rest_route=\/wp\/v2\/users\/4"}],"replies":[{"embeddable":true,"href":"https:\/\/gerardoduque.com.mx\/index.php?rest_route=%2Fwp%2Fv2%2Fcomments&post=47268"}],"version-history":[{"count":1,"href":"https:\/\/gerardoduque.com.mx\/index.php?rest_route=\/wp\/v2\/posts\/47268\/revisions"}],"predecessor-version":[{"id":47270,"href":"https:\/\/gerardoduque.com.mx\/index.php?rest_route=\/wp\/v2\/posts\/47268\/revisions\/47270"}],"wp:featuredmedia":[{"embeddable":true,"href":"https:\/\/gerardoduque.com.mx\/index.php?rest_route=\/wp\/v2\/media\/47269"}],"wp:attachment":[{"href":"https:\/\/gerardoduque.com.mx\/index.php?rest_route=%2Fwp%2Fv2%2Fmedia&parent=47268"}],"wp:term":[{"taxonomy":"category","embeddable":true,"href":"https:\/\/gerardoduque.com.mx\/index.php?rest_route=%2Fwp%2Fv2%2Fcategories&post=47268"},{"taxonomy":"post_tag","embeddable":true,"href":"https:\/\/gerardoduque.com.mx\/index.php?rest_route=%2Fwp%2Fv2%2Ftags&post=47268"}],"curies":[{"name":"wp","href":"https:\/\/api.w.org\/{rel}","templated":true}]}}