{"id":47263,"date":"2026-04-30T19:55:32","date_gmt":"2026-05-01T01:55:32","guid":{"rendered":"https:\/\/gerardoduque.com.mx\/?p=47263"},"modified":"2026-04-30T19:55:38","modified_gmt":"2026-05-01T01:55:38","slug":"industria-y-servicios-sostienen-crecimiento-economico-en-san-luis-potosi","status":"publish","type":"post","link":"https:\/\/gerardoduque.com.mx\/?p=47263","title":{"rendered":"INDUSTRIA Y SERVICIOS SOSTIENEN CRECIMIENTO ECON\u00d3MICO EN SAN LUIS POTOS\u00cd"},"content":{"rendered":"\n<p>La econom\u00eda de San Luis Potos\u00ed mantuvo una tendencia de crecimiento durante el cierre de 2025, al registrar un incremento anual del 1.9 por ciento en el cuarto trimestre, de acuerdo con el Indicador Trimestral de la Actividad Econ\u00f3mica Estatal (ITAE) publicado por el Instituto Nacional de Estad\u00edstica y Geograf\u00eda.<\/p>\n\n\n\n<p>El reporte detalla que las actividades secundarias, relacionadas con la industria y la transformaci\u00f3n, crecieron 2.4 por ciento en comparaci\u00f3n con el mismo periodo del a\u00f1o anterior, ubicando a la entidad en el lugar 14 a nivel nacional en este rubro.<\/p>\n\n\n\n<p>En tanto, el sector terciario, que incluye comercio, servicios y transporte, present\u00f3 un aumento anual del 2.1 por ciento, posicionando a San Luis Potos\u00ed como la octava entidad con mayor dinamismo en estas actividades.<\/p>\n\n\n\n<p>Por otro lado, las actividades primarias, vinculadas a la agricultura, ganader\u00eda y pesca, no reportaron crecimiento durante el periodo, debido a factores estacionales y condiciones del mercado.<\/p>\n\n\n\n<p>De acuerdo con autoridades estatales, estos resultados reflejan el impulso a la inversi\u00f3n, el desarrollo de infraestructura y las estrategias de fortalecimiento econ\u00f3mico implementadas por la administraci\u00f3n encabezada por el gobernador Ricardo Gallardo Cardona. Entre las acciones destacadas se encuentran la promoci\u00f3n internacional del estado, obras de infraestructura vial y programas de apoyo a peque\u00f1as y medianas empresas.<\/p>\n\n\n\n<p>El desempe\u00f1o econ\u00f3mico posiciona a San Luis Potos\u00ed dentro del grupo de entidades con crecimiento sostenido, en un contexto nacional marcado por variaciones en distintos sectores productivos.<\/p>\n","protected":false},"excerpt":{"rendered":"<p>La entidad alcanza incremento anual de 1.9% seg\u00fan datos del INEGI <\/p>\n","protected":false},"author":4,"featured_media":47264,"comment_status":"closed","ping_status":"closed","sticky":false,"template":"","format":"standard","meta":{"_et_pb_use_builder":"off","_et_pb_old_content":"","_et_gb_content_width":"","footnotes":""},"categories":[412,62],"tags":[],"class_list":["post-47263","post","type-post","status-publish","format-standard","has-post-thumbnail","hentry","category-destacado","category-redaccion"],"_links":{"self":[{"href":"https:\/\/gerardoduque.com.mx\/index.php?rest_route=\/wp\/v2\/posts\/47263","targetHints":{"allow":["GET"]}}],"collection":[{"href":"https:\/\/gerardoduque.com.mx\/index.php?rest_route=\/wp\/v2\/posts"}],"about":[{"href":"https:\/\/gerardoduque.com.mx\/index.php?rest_route=\/wp\/v2\/types\/post"}],"author":[{"embeddable":true,"href":"https:\/\/gerardoduque.com.mx\/index.php?rest_route=\/wp\/v2\/users\/4"}],"replies":[{"embeddable":true,"href":"https:\/\/gerardoduque.com.mx\/index.php?rest_route=%2Fwp%2Fv2%2Fcomments&post=47263"}],"version-history":[{"count":1,"href":"https:\/\/gerardoduque.com.mx\/index.php?rest_route=\/wp\/v2\/posts\/47263\/revisions"}],"predecessor-version":[{"id":47265,"href":"https:\/\/gerardoduque.com.mx\/index.php?rest_route=\/wp\/v2\/posts\/47263\/revisions\/47265"}],"wp:featuredmedia":[{"embeddable":true,"href":"https:\/\/gerardoduque.com.mx\/index.php?rest_route=\/wp\/v2\/media\/47264"}],"wp:attachment":[{"href":"https:\/\/gerardoduque.com.mx\/index.php?rest_route=%2Fwp%2Fv2%2Fmedia&parent=47263"}],"wp:term":[{"taxonomy":"category","embeddable":true,"href":"https:\/\/gerardoduque.com.mx\/index.php?rest_route=%2Fwp%2Fv2%2Fcategories&post=47263"},{"taxonomy":"post_tag","embeddable":true,"href":"https:\/\/gerardoduque.com.mx\/index.php?rest_route=%2Fwp%2Fv2%2Ftags&post=47263"}],"curies":[{"name":"wp","href":"https:\/\/api.w.org\/{rel}","templated":true}]}}