{"id":47259,"date":"2026-04-30T19:43:32","date_gmt":"2026-05-01T01:43:32","guid":{"rendered":"https:\/\/gerardoduque.com.mx\/?p=47259"},"modified":"2026-04-30T19:43:38","modified_gmt":"2026-05-01T01:43:38","slug":"regresa-a-san-luis-potosi-la-exposicion-internacional-tlaqueparte","status":"publish","type":"post","link":"https:\/\/gerardoduque.com.mx\/?p=47259","title":{"rendered":"REGRESA A SAN LUIS POTOS\u00cd LA EXPOSICI\u00d3N INTERNACIONAL \u201cTLAQUEPARTE\u201d"},"content":{"rendered":"\n<p>Del 1 al 4 de mayo se llevar\u00e1 a cabo la exposici\u00f3n internacional \u201cTlaqueparte\u201d en el Centro de Negocios Potos\u00ed, con la participaci\u00f3n de m\u00e1s de 200 expositores provenientes de Am\u00e9rica Latina, Europa, \u00c1frica y Asia.<\/p>\n\n\n\n<p>De acuerdo con la organizaci\u00f3n del evento, la muestra reunir\u00e1 productos de distintos pa\u00edses, entre ellos artesan\u00edas, joyer\u00eda, decoraci\u00f3n y art\u00edculos elaborados con diversos materiales.<\/p>\n\n\n\n<p>La exposici\u00f3n estar\u00e1 abierta al p\u00fablico en un horario de 10:00 a 20:00 horas y contar\u00e1 con acceso gratuito. El recinto dispone de servicios como estacionamiento, cafeter\u00eda y sanitarios.<\/p>\n\n\n\n<p>El evento forma parte de las actividades comerciales y culturales programadas en el estado durante el periodo vacacional.<\/p>\n","protected":false},"excerpt":{"rendered":"<p>Se anunci\u00f3 la realizaci\u00f3n de una exposici\u00f3n internacional de artesan\u00edas en la capital potosina, con la participaci\u00f3n de expositores de varios continentes.<\/p>\n","protected":false},"author":4,"featured_media":47260,"comment_status":"closed","ping_status":"closed","sticky":false,"template":"","format":"standard","meta":{"_et_pb_use_builder":"off","_et_pb_old_content":"","_et_gb_content_width":"","footnotes":""},"categories":[62,280],"tags":[],"class_list":["post-47259","post","type-post","status-publish","format-standard","has-post-thumbnail","hentry","category-redaccion","category-gob-slp"],"_links":{"self":[{"href":"https:\/\/gerardoduque.com.mx\/index.php?rest_route=\/wp\/v2\/posts\/47259","targetHints":{"allow":["GET"]}}],"collection":[{"href":"https:\/\/gerardoduque.com.mx\/index.php?rest_route=\/wp\/v2\/posts"}],"about":[{"href":"https:\/\/gerardoduque.com.mx\/index.php?rest_route=\/wp\/v2\/types\/post"}],"author":[{"embeddable":true,"href":"https:\/\/gerardoduque.com.mx\/index.php?rest_route=\/wp\/v2\/users\/4"}],"replies":[{"embeddable":true,"href":"https:\/\/gerardoduque.com.mx\/index.php?rest_route=%2Fwp%2Fv2%2Fcomments&post=47259"}],"version-history":[{"count":1,"href":"https:\/\/gerardoduque.com.mx\/index.php?rest_route=\/wp\/v2\/posts\/47259\/revisions"}],"predecessor-version":[{"id":47261,"href":"https:\/\/gerardoduque.com.mx\/index.php?rest_route=\/wp\/v2\/posts\/47259\/revisions\/47261"}],"wp:featuredmedia":[{"embeddable":true,"href":"https:\/\/gerardoduque.com.mx\/index.php?rest_route=\/wp\/v2\/media\/47260"}],"wp:attachment":[{"href":"https:\/\/gerardoduque.com.mx\/index.php?rest_route=%2Fwp%2Fv2%2Fmedia&parent=47259"}],"wp:term":[{"taxonomy":"category","embeddable":true,"href":"https:\/\/gerardoduque.com.mx\/index.php?rest_route=%2Fwp%2Fv2%2Fcategories&post=47259"},{"taxonomy":"post_tag","embeddable":true,"href":"https:\/\/gerardoduque.com.mx\/index.php?rest_route=%2Fwp%2Fv2%2Ftags&post=47259"}],"curies":[{"name":"wp","href":"https:\/\/api.w.org\/{rel}","templated":true}]}}