{"id":47253,"date":"2026-04-30T19:38:49","date_gmt":"2026-05-01T01:38:49","guid":{"rendered":"https:\/\/gerardoduque.com.mx\/?p=47253"},"modified":"2026-04-30T19:38:56","modified_gmt":"2026-05-01T01:38:56","slug":"entregan-area-recreativa-y-obsequios-a-ninez-en-villa-de-pozos","status":"publish","type":"post","link":"https:\/\/gerardoduque.com.mx\/?p=47253","title":{"rendered":"ENTREGAN \u00c1REA RECREATIVA Y OBSEQUIOS A NI\u00d1EZ EN VILLA DE POZOS"},"content":{"rendered":"\n<p>En Villa de Pozos se llev\u00f3 a cabo una actividad con motivo del D\u00eda de la Ni\u00f1ez, en la que se entregaron juguetes y se puso en operaci\u00f3n una \u00e1rea recreativa en la colonia Rancho Viejo II.<\/p>\n\n\n\n<p>De acuerdo con la informaci\u00f3n difundida, el espacio rehabilitado cuenta con una superficie de 5 mil 555 metros cuadrados e incluye una cancha de f\u00fatbol r\u00e1pido, sal\u00f3n de usos m\u00faltiples, sanitarios, juegos infantiles, alumbrado y \u00e1reas verdes.<\/p>\n\n\n\n<p>Previo a la entrega del espacio, se realizaron actividades recreativas en la Plaza Las \u00c1guilas del municipio, dirigidas a ni\u00f1as y ni\u00f1os como parte de la jornada conmemorativa.<\/p>\n\n\n\n<p>El evento form\u00f3 parte de las actividades organizadas en el marco del D\u00eda de la Ni\u00f1ez en el municipio de Villa de Pozos.<\/p>\n","protected":false},"excerpt":{"rendered":"<p>Se realiz\u00f3 un evento con motivo del D\u00eda de la Ni\u00f1ez en Villa de Pozos, donde se inaugur\u00f3 un \u00e1rea recreativa y se entregaron obsequios a menores del municipio.<\/p>\n","protected":false},"author":4,"featured_media":47254,"comment_status":"closed","ping_status":"closed","sticky":false,"template":"","format":"standard","meta":{"_et_pb_use_builder":"off","_et_pb_old_content":"","_et_gb_content_width":"","footnotes":""},"categories":[62,280],"tags":[],"class_list":["post-47253","post","type-post","status-publish","format-standard","has-post-thumbnail","hentry","category-redaccion","category-gob-slp"],"_links":{"self":[{"href":"https:\/\/gerardoduque.com.mx\/index.php?rest_route=\/wp\/v2\/posts\/47253","targetHints":{"allow":["GET"]}}],"collection":[{"href":"https:\/\/gerardoduque.com.mx\/index.php?rest_route=\/wp\/v2\/posts"}],"about":[{"href":"https:\/\/gerardoduque.com.mx\/index.php?rest_route=\/wp\/v2\/types\/post"}],"author":[{"embeddable":true,"href":"https:\/\/gerardoduque.com.mx\/index.php?rest_route=\/wp\/v2\/users\/4"}],"replies":[{"embeddable":true,"href":"https:\/\/gerardoduque.com.mx\/index.php?rest_route=%2Fwp%2Fv2%2Fcomments&post=47253"}],"version-history":[{"count":1,"href":"https:\/\/gerardoduque.com.mx\/index.php?rest_route=\/wp\/v2\/posts\/47253\/revisions"}],"predecessor-version":[{"id":47255,"href":"https:\/\/gerardoduque.com.mx\/index.php?rest_route=\/wp\/v2\/posts\/47253\/revisions\/47255"}],"wp:featuredmedia":[{"embeddable":true,"href":"https:\/\/gerardoduque.com.mx\/index.php?rest_route=\/wp\/v2\/media\/47254"}],"wp:attachment":[{"href":"https:\/\/gerardoduque.com.mx\/index.php?rest_route=%2Fwp%2Fv2%2Fmedia&parent=47253"}],"wp:term":[{"taxonomy":"category","embeddable":true,"href":"https:\/\/gerardoduque.com.mx\/index.php?rest_route=%2Fwp%2Fv2%2Fcategories&post=47253"},{"taxonomy":"post_tag","embeddable":true,"href":"https:\/\/gerardoduque.com.mx\/index.php?rest_route=%2Fwp%2Fv2%2Ftags&post=47253"}],"curies":[{"name":"wp","href":"https:\/\/api.w.org\/{rel}","templated":true}]}}