{"id":47250,"date":"2026-04-30T19:36:17","date_gmt":"2026-05-01T01:36:17","guid":{"rendered":"https:\/\/gerardoduque.com.mx\/?p=47250"},"modified":"2026-04-30T19:36:24","modified_gmt":"2026-05-01T01:36:24","slug":"presentaran-cuentos-sinfonicos-para-ninas-y-ninos-en-el-teatro-de-la-paz","status":"publish","type":"post","link":"https:\/\/gerardoduque.com.mx\/?p=47250","title":{"rendered":"PRESENTAR\u00c1N CUENTOS SINF\u00d3NICOS PARA NI\u00d1AS Y NI\u00d1OS EN EL TEATRO DE LA PAZ"},"content":{"rendered":"\n<p>La Secretar\u00eda de Cultura inform\u00f3 la realizaci\u00f3n del programa \u201cCuentos sinf\u00f3nicos para ni\u00f1as y ni\u00f1os\u201d, que se llevar\u00e1 a cabo en el Teatro de la Paz con la participaci\u00f3n de la Orquesta Sinf\u00f3nica de San Luis Potos\u00ed.<\/p>\n\n\n\n<p>De acuerdo con la dependencia, la funci\u00f3n incluir\u00e1 la interpretaci\u00f3n de las obras \u201cPedro y el Lobo\u201d, de Sergei Prokofiev, y \u201cEl Aprendiz de Brujo\u201d, de Paul Dukas, con narraci\u00f3n y puesta en escena.<\/p>\n\n\n\n<p>La presentaci\u00f3n est\u00e1 programada para el jueves 30 de abril a las 18:00 horas. Los boletos gratuitos estar\u00e1n disponibles los d\u00edas 29 y 30 de abril en horario de 12:00 a 19:00 horas en la dependencia correspondiente y en la taquilla del recinto.<\/p>\n\n\n\n<p>La actividad forma parte de la programaci\u00f3n cultural dirigida al p\u00fablico infantil en el marco del D\u00eda de la Ni\u00f1ez.<\/p>\n","protected":false},"excerpt":{"rendered":"<p>Se anunci\u00f3 una presentaci\u00f3n musical dirigida a la infancia en el Teatro de la Paz, con acceso gratuito y programaci\u00f3n de obras sinf\u00f3nicas.<\/p>\n","protected":false},"author":4,"featured_media":47251,"comment_status":"closed","ping_status":"closed","sticky":false,"template":"","format":"standard","meta":{"_et_pb_use_builder":"off","_et_pb_old_content":"","_et_gb_content_width":"","footnotes":""},"categories":[62,280],"tags":[],"class_list":["post-47250","post","type-post","status-publish","format-standard","has-post-thumbnail","hentry","category-redaccion","category-gob-slp"],"_links":{"self":[{"href":"https:\/\/gerardoduque.com.mx\/index.php?rest_route=\/wp\/v2\/posts\/47250","targetHints":{"allow":["GET"]}}],"collection":[{"href":"https:\/\/gerardoduque.com.mx\/index.php?rest_route=\/wp\/v2\/posts"}],"about":[{"href":"https:\/\/gerardoduque.com.mx\/index.php?rest_route=\/wp\/v2\/types\/post"}],"author":[{"embeddable":true,"href":"https:\/\/gerardoduque.com.mx\/index.php?rest_route=\/wp\/v2\/users\/4"}],"replies":[{"embeddable":true,"href":"https:\/\/gerardoduque.com.mx\/index.php?rest_route=%2Fwp%2Fv2%2Fcomments&post=47250"}],"version-history":[{"count":1,"href":"https:\/\/gerardoduque.com.mx\/index.php?rest_route=\/wp\/v2\/posts\/47250\/revisions"}],"predecessor-version":[{"id":47252,"href":"https:\/\/gerardoduque.com.mx\/index.php?rest_route=\/wp\/v2\/posts\/47250\/revisions\/47252"}],"wp:featuredmedia":[{"embeddable":true,"href":"https:\/\/gerardoduque.com.mx\/index.php?rest_route=\/wp\/v2\/media\/47251"}],"wp:attachment":[{"href":"https:\/\/gerardoduque.com.mx\/index.php?rest_route=%2Fwp%2Fv2%2Fmedia&parent=47250"}],"wp:term":[{"taxonomy":"category","embeddable":true,"href":"https:\/\/gerardoduque.com.mx\/index.php?rest_route=%2Fwp%2Fv2%2Fcategories&post=47250"},{"taxonomy":"post_tag","embeddable":true,"href":"https:\/\/gerardoduque.com.mx\/index.php?rest_route=%2Fwp%2Fv2%2Ftags&post=47250"}],"curies":[{"name":"wp","href":"https:\/\/api.w.org\/{rel}","templated":true}]}}