{"id":47244,"date":"2026-04-30T19:31:39","date_gmt":"2026-05-01T01:31:39","guid":{"rendered":"https:\/\/gerardoduque.com.mx\/?p=47244"},"modified":"2026-04-30T19:31:45","modified_gmt":"2026-05-01T01:31:45","slug":"anuncian-mejoramiento-de-calles-en-la-colonia-colorines","status":"publish","type":"post","link":"https:\/\/gerardoduque.com.mx\/?p=47244","title":{"rendered":"ANUNCIAN MEJORAMIENTO DE CALLES EN LA COLONIA COLORINES"},"content":{"rendered":"\n<p>La Junta Estatal de Caminos inform\u00f3 que se llevar\u00e1n a cabo trabajos de rehabilitaci\u00f3n en calles y espacios p\u00fablicos de la colonia Colorines, como parte del programa \u201cEnch\u00falame la Colonia\u201d.<\/p>\n\n\n\n<p>De acuerdo con la dependencia, las acciones contemplan bacheo, limpieza de calles y jardines, instalaci\u00f3n de se\u00f1alamiento en cruces peatonales, pintura en vialidades, colocaci\u00f3n de boyas para control de velocidad, instalaci\u00f3n de luminarias y renovaci\u00f3n de \u00e1reas de juego en parques.<\/p>\n\n\n\n<p>Tambi\u00e9n se inform\u00f3 que durante las labores se recibir\u00e1n peticiones de habitantes de la zona para la atenci\u00f3n de problem\u00e1ticas espec\u00edficas.<\/p>\n\n\n\n<p>Las intervenciones forman parte de un programa de mejora urbana aplicado en distintas colonias de la capital potosina.<\/p>\n","protected":false},"excerpt":{"rendered":"<p>Se realizar\u00e1n trabajos de rehabilitaci\u00f3n urbana en la colonia Colorines como parte de un programa estatal de mejora de espacios p\u00fablicos.<\/p>\n","protected":false},"author":4,"featured_media":47245,"comment_status":"closed","ping_status":"closed","sticky":false,"template":"","format":"standard","meta":{"_et_pb_use_builder":"off","_et_pb_old_content":"","_et_gb_content_width":"","footnotes":""},"categories":[62,280],"tags":[],"class_list":["post-47244","post","type-post","status-publish","format-standard","has-post-thumbnail","hentry","category-redaccion","category-gob-slp"],"_links":{"self":[{"href":"https:\/\/gerardoduque.com.mx\/index.php?rest_route=\/wp\/v2\/posts\/47244","targetHints":{"allow":["GET"]}}],"collection":[{"href":"https:\/\/gerardoduque.com.mx\/index.php?rest_route=\/wp\/v2\/posts"}],"about":[{"href":"https:\/\/gerardoduque.com.mx\/index.php?rest_route=\/wp\/v2\/types\/post"}],"author":[{"embeddable":true,"href":"https:\/\/gerardoduque.com.mx\/index.php?rest_route=\/wp\/v2\/users\/4"}],"replies":[{"embeddable":true,"href":"https:\/\/gerardoduque.com.mx\/index.php?rest_route=%2Fwp%2Fv2%2Fcomments&post=47244"}],"version-history":[{"count":1,"href":"https:\/\/gerardoduque.com.mx\/index.php?rest_route=\/wp\/v2\/posts\/47244\/revisions"}],"predecessor-version":[{"id":47246,"href":"https:\/\/gerardoduque.com.mx\/index.php?rest_route=\/wp\/v2\/posts\/47244\/revisions\/47246"}],"wp:featuredmedia":[{"embeddable":true,"href":"https:\/\/gerardoduque.com.mx\/index.php?rest_route=\/wp\/v2\/media\/47245"}],"wp:attachment":[{"href":"https:\/\/gerardoduque.com.mx\/index.php?rest_route=%2Fwp%2Fv2%2Fmedia&parent=47244"}],"wp:term":[{"taxonomy":"category","embeddable":true,"href":"https:\/\/gerardoduque.com.mx\/index.php?rest_route=%2Fwp%2Fv2%2Fcategories&post=47244"},{"taxonomy":"post_tag","embeddable":true,"href":"https:\/\/gerardoduque.com.mx\/index.php?rest_route=%2Fwp%2Fv2%2Ftags&post=47244"}],"curies":[{"name":"wp","href":"https:\/\/api.w.org\/{rel}","templated":true}]}}