{"id":47241,"date":"2026-04-30T19:29:14","date_gmt":"2026-05-01T01:29:14","guid":{"rendered":"https:\/\/gerardoduque.com.mx\/?p=47241"},"modified":"2026-04-30T19:29:20","modified_gmt":"2026-05-01T01:29:20","slug":"realizan-foro-de-mercadotecnia-internacional-en-upslp","status":"publish","type":"post","link":"https:\/\/gerardoduque.com.mx\/?p=47241","title":{"rendered":"REALIZAN FORO DE MERCADOTECNIA INTERNACIONAL EN UPSLP"},"content":{"rendered":"\n<p>Estudiantes de la Licenciatura en Mercadotecnia de la Universidad Polit\u00e9cnica de San Luis Potos\u00ed llevaron a cabo la edici\u00f3n 20 del Foro de Mercadotecnia Internacional \u201cWe Are Young\u201d, como parte de actividades de formaci\u00f3n acad\u00e9mica.<\/p>\n\n\n\n<p>De acuerdo con la instituci\u00f3n, el encuentro fue organizado por universitarios y se enfoc\u00f3 en temas relacionados con innovaci\u00f3n, emprendimiento, estrategias digitales y construcci\u00f3n de marca personal.<\/p>\n\n\n\n<p>Durante el evento participaron ponentes del \u00e1mbito del marketing, la comunicaci\u00f3n y la creaci\u00f3n de contenido, quienes compartieron experiencias sobre desarrollo de proyectos y tendencias en entornos digitales.<\/p>\n\n\n\n<p>El foro forma parte de las actividades acad\u00e9micas de la universidad orientadas a complementar la formaci\u00f3n profesional de los estudiantes mediante espacios de vinculaci\u00f3n con especialistas del sector.<\/p>\n","protected":false},"excerpt":{"rendered":"<p>Se realiz\u00f3 un foro acad\u00e9mico en la Universidad Polit\u00e9cnica de San Luis Potos\u00ed enfocado en mercadotecnia, organizado por estudiantes de la Licenciatura en Mercadotecnia.<\/p>\n","protected":false},"author":4,"featured_media":47242,"comment_status":"closed","ping_status":"closed","sticky":false,"template":"","format":"standard","meta":{"_et_pb_use_builder":"off","_et_pb_old_content":"","_et_gb_content_width":"","footnotes":""},"categories":[62,280],"tags":[],"class_list":["post-47241","post","type-post","status-publish","format-standard","has-post-thumbnail","hentry","category-redaccion","category-gob-slp"],"_links":{"self":[{"href":"https:\/\/gerardoduque.com.mx\/index.php?rest_route=\/wp\/v2\/posts\/47241","targetHints":{"allow":["GET"]}}],"collection":[{"href":"https:\/\/gerardoduque.com.mx\/index.php?rest_route=\/wp\/v2\/posts"}],"about":[{"href":"https:\/\/gerardoduque.com.mx\/index.php?rest_route=\/wp\/v2\/types\/post"}],"author":[{"embeddable":true,"href":"https:\/\/gerardoduque.com.mx\/index.php?rest_route=\/wp\/v2\/users\/4"}],"replies":[{"embeddable":true,"href":"https:\/\/gerardoduque.com.mx\/index.php?rest_route=%2Fwp%2Fv2%2Fcomments&post=47241"}],"version-history":[{"count":1,"href":"https:\/\/gerardoduque.com.mx\/index.php?rest_route=\/wp\/v2\/posts\/47241\/revisions"}],"predecessor-version":[{"id":47243,"href":"https:\/\/gerardoduque.com.mx\/index.php?rest_route=\/wp\/v2\/posts\/47241\/revisions\/47243"}],"wp:featuredmedia":[{"embeddable":true,"href":"https:\/\/gerardoduque.com.mx\/index.php?rest_route=\/wp\/v2\/media\/47242"}],"wp:attachment":[{"href":"https:\/\/gerardoduque.com.mx\/index.php?rest_route=%2Fwp%2Fv2%2Fmedia&parent=47241"}],"wp:term":[{"taxonomy":"category","embeddable":true,"href":"https:\/\/gerardoduque.com.mx\/index.php?rest_route=%2Fwp%2Fv2%2Fcategories&post=47241"},{"taxonomy":"post_tag","embeddable":true,"href":"https:\/\/gerardoduque.com.mx\/index.php?rest_route=%2Fwp%2Fv2%2Ftags&post=47241"}],"curies":[{"name":"wp","href":"https:\/\/api.w.org\/{rel}","templated":true}]}}