{"id":47195,"date":"2026-04-30T00:37:16","date_gmt":"2026-04-30T06:37:16","guid":{"rendered":"https:\/\/gerardoduque.com.mx\/?p=47195"},"modified":"2026-04-30T00:37:22","modified_gmt":"2026-04-30T06:37:22","slug":"senalan-estrategia-de-contencion-de-conagua-ante-rechazo-al-fracking","status":"publish","type":"post","link":"https:\/\/gerardoduque.com.mx\/?p=47195","title":{"rendered":"SE\u00d1ALAN ESTRATEGIA DE \u201cCONTENCI\u00d3N\u201d DE CONAGUA ANTE RECHAZO AL FRACKING"},"content":{"rendered":"\n<p>Organizaciones y representantes de comunidades ind\u00edgenas de la regi\u00f3n Huasteca acusaron a la Comisi\u00f3n Nacional del Agua (CONAGUA) de mantener una \u201cestrategia de contenci\u00f3n pol\u00edtica\u201d frente al rechazo social al uso de fracturaci\u00f3n hidr\u00e1ulica (fracking), en lugar de asumir una postura firme de protecci\u00f3n ambiental y de derechos humanos.<\/p>\n\n\n\n<p>El se\u00f1alamiento surge luego de las declaraciones del titular de CONAGUA en San Luis Potos\u00ed, Dar\u00edo Gonz\u00e1lez Castillo, quien asegur\u00f3 que no se autorizar\u00e1n permisos para fracking mientras no existan condiciones que garanticen la protecci\u00f3n ambiental.<\/p>\n\n\n\n<p>Sin embargo, el Observatorio Ind\u00edgena Mesoamericano, a trav\u00e9s de un pronunciamiento firmado por Juan Felipe Cisneros S\u00e1nchez, consider\u00f3 que dichas declaraciones no representan una garant\u00eda jur\u00eddica, sino una respuesta temporal ante la presi\u00f3n social. Indic\u00f3 que confiar en la decisi\u00f3n personal de un funcionario no ofrece certeza sobre la protecci\u00f3n de los recursos h\u00eddricos en la regi\u00f3n.<\/p>\n\n\n\n<p>Las comunidades se\u00f1alaron adem\u00e1s una omisi\u00f3n por parte de la autoridad federal en materia de consulta ind\u00edgena. Afirmaron que no se han implementado procesos de Consulta Previa, Libre e Informada, como lo establecen la Constituci\u00f3n y el Convenio 169 de la Organizaci\u00f3n Internacional del Trabajo (OIT), pese a la posibilidad de proyectos vinculados con hidrocarburos.<\/p>\n\n\n\n<p>En este contexto, pueblos t\u00e9nek y n\u00e1huatl manifestaron su rechazo total a cualquier actividad de exploraci\u00f3n o extracci\u00f3n mediante fracking, postura que, aseguran, se sustenta en su car\u00e1cter de sujetos de derecho p\u00fablico y en el marco jur\u00eddico nacional e internacional.<\/p>\n\n\n\n<p>El pronunciamiento tambi\u00e9n cuestiona el argumento de la \u201csoberan\u00eda energ\u00e9tica\u201d, al considerar que no debe prevalecer sobre derechos fundamentales como el acceso al agua, la salud y un medio ambiente sano. Advirtieron que el uso intensivo de agua en procesos de fracturaci\u00f3n representa un riesgo directo para los acu\u00edferos de la Huasteca.<\/p>\n\n\n\n<p>Asimismo, adelantaron que las declaraciones del funcionario podr\u00edan ser utilizadas como elemento en posibles acciones legales, al interpretar que existe un reconocimiento impl\u00edcito de los riesgos asociados a esta t\u00e9cnica.<\/p>\n\n\n\n<p>Entre sus exigencias, las comunidades pidieron mayor transparencia sobre cualquier solicitud de uso de agua relacionada con proyectos extractivos, as\u00ed como que la CONAGUA asuma un papel activo como garante del derecho al agua.<\/p>\n\n\n\n<p>El posicionamiento se da en un contexto de creciente debate sobre la viabilidad del fracking en distintas regiones del pa\u00eds, particularmente en zonas con alta vulnerabilidad ambiental y presencia de comunidades ind\u00edgenas.<\/p>\n","protected":false},"excerpt":{"rendered":"<p>Pueblos t\u00e9nek y n\u00e1huatl denuncian falta de consulta y riesgo para acu\u00edferos en la Huasteca<\/p>\n","protected":false},"author":4,"featured_media":47196,"comment_status":"closed","ping_status":"closed","sticky":false,"template":"","format":"standard","meta":{"_et_pb_use_builder":"off","_et_pb_old_content":"","_et_gb_content_width":"","footnotes":""},"categories":[412,62],"tags":[],"class_list":["post-47195","post","type-post","status-publish","format-standard","has-post-thumbnail","hentry","category-destacado","category-redaccion"],"_links":{"self":[{"href":"https:\/\/gerardoduque.com.mx\/index.php?rest_route=\/wp\/v2\/posts\/47195","targetHints":{"allow":["GET"]}}],"collection":[{"href":"https:\/\/gerardoduque.com.mx\/index.php?rest_route=\/wp\/v2\/posts"}],"about":[{"href":"https:\/\/gerardoduque.com.mx\/index.php?rest_route=\/wp\/v2\/types\/post"}],"author":[{"embeddable":true,"href":"https:\/\/gerardoduque.com.mx\/index.php?rest_route=\/wp\/v2\/users\/4"}],"replies":[{"embeddable":true,"href":"https:\/\/gerardoduque.com.mx\/index.php?rest_route=%2Fwp%2Fv2%2Fcomments&post=47195"}],"version-history":[{"count":1,"href":"https:\/\/gerardoduque.com.mx\/index.php?rest_route=\/wp\/v2\/posts\/47195\/revisions"}],"predecessor-version":[{"id":47197,"href":"https:\/\/gerardoduque.com.mx\/index.php?rest_route=\/wp\/v2\/posts\/47195\/revisions\/47197"}],"wp:featuredmedia":[{"embeddable":true,"href":"https:\/\/gerardoduque.com.mx\/index.php?rest_route=\/wp\/v2\/media\/47196"}],"wp:attachment":[{"href":"https:\/\/gerardoduque.com.mx\/index.php?rest_route=%2Fwp%2Fv2%2Fmedia&parent=47195"}],"wp:term":[{"taxonomy":"category","embeddable":true,"href":"https:\/\/gerardoduque.com.mx\/index.php?rest_route=%2Fwp%2Fv2%2Fcategories&post=47195"},{"taxonomy":"post_tag","embeddable":true,"href":"https:\/\/gerardoduque.com.mx\/index.php?rest_route=%2Fwp%2Fv2%2Ftags&post=47195"}],"curies":[{"name":"wp","href":"https:\/\/api.w.org\/{rel}","templated":true}]}}