{"id":47179,"date":"2026-04-28T23:50:09","date_gmt":"2026-04-29T05:50:09","guid":{"rendered":"https:\/\/gerardoduque.com.mx\/?p=47179"},"modified":"2026-04-29T23:52:48","modified_gmt":"2026-04-30T05:52:48","slug":"entrega-de-juguetes-y-actividades-por-el-dia-de-la-ninez-en-villa-de-reyes","status":"publish","type":"post","link":"https:\/\/gerardoduque.com.mx\/?p=47179","title":{"rendered":"ENTREGA DE JUGUETES Y ACTIVIDADES POR EL D\u00cdA DE LA NI\u00d1EZ EN VILLA DE REYES"},"content":{"rendered":"\n<p>El 27 de abril se llevaron a cabo actividades con motivo del D\u00eda de la Ni\u00f1ez en el municipio de Villa de Reyes, donde se realiz\u00f3 la entrega de bicicletas, patinetas, balones y otros juguetes a menores provenientes de diversas comunidades.<\/p>\n\n\n\n<p>Durante el evento, realizado en la plaza principal, se desarrollaron din\u00e1micas recreativas y actividades dirigidas a ni\u00f1as y ni\u00f1os asistentes, en un entorno familiar. La jornada form\u00f3 parte de los festejos organizados en torno a esta fecha.<\/p>\n\n\n\n<p>En el acto, el titular del Ejecutivo estatal se\u00f1al\u00f3 que se prev\u00e9 el inicio de un proyecto para la construcci\u00f3n de una nueva preparatoria en el municipio, adem\u00e1s de acciones de rehabilitaci\u00f3n y equipamiento en planteles de nivel b\u00e1sico ubicados en comunidades.<\/p>\n\n\n\n<p>De acuerdo con lo informado, este tipo de celebraciones se contemplan en otros municipios del estado como parte de las actividades programadas por el D\u00eda de la Ni\u00f1ez.<\/p>\n","protected":false},"excerpt":{"rendered":"<p>Se realizaron actividades por el D\u00eda de la Ni\u00f1ez en Villa de Reyes, con entrega de juguetes a menores de distintas comunidades.<br \/>\nEl evento incluy\u00f3 din\u00e1micas recreativas y anuncios relacionados con infraestructura educativa en el municipio.<\/p>\n","protected":false},"author":4,"featured_media":47180,"comment_status":"closed","ping_status":"closed","sticky":false,"template":"","format":"standard","meta":{"_et_pb_use_builder":"off","_et_pb_old_content":"","_et_gb_content_width":"","footnotes":""},"categories":[62,280],"tags":[],"class_list":["post-47179","post","type-post","status-publish","format-standard","has-post-thumbnail","hentry","category-redaccion","category-gob-slp"],"_links":{"self":[{"href":"https:\/\/gerardoduque.com.mx\/index.php?rest_route=\/wp\/v2\/posts\/47179","targetHints":{"allow":["GET"]}}],"collection":[{"href":"https:\/\/gerardoduque.com.mx\/index.php?rest_route=\/wp\/v2\/posts"}],"about":[{"href":"https:\/\/gerardoduque.com.mx\/index.php?rest_route=\/wp\/v2\/types\/post"}],"author":[{"embeddable":true,"href":"https:\/\/gerardoduque.com.mx\/index.php?rest_route=\/wp\/v2\/users\/4"}],"replies":[{"embeddable":true,"href":"https:\/\/gerardoduque.com.mx\/index.php?rest_route=%2Fwp%2Fv2%2Fcomments&post=47179"}],"version-history":[{"count":1,"href":"https:\/\/gerardoduque.com.mx\/index.php?rest_route=\/wp\/v2\/posts\/47179\/revisions"}],"predecessor-version":[{"id":47181,"href":"https:\/\/gerardoduque.com.mx\/index.php?rest_route=\/wp\/v2\/posts\/47179\/revisions\/47181"}],"wp:featuredmedia":[{"embeddable":true,"href":"https:\/\/gerardoduque.com.mx\/index.php?rest_route=\/wp\/v2\/media\/47180"}],"wp:attachment":[{"href":"https:\/\/gerardoduque.com.mx\/index.php?rest_route=%2Fwp%2Fv2%2Fmedia&parent=47179"}],"wp:term":[{"taxonomy":"category","embeddable":true,"href":"https:\/\/gerardoduque.com.mx\/index.php?rest_route=%2Fwp%2Fv2%2Fcategories&post=47179"},{"taxonomy":"post_tag","embeddable":true,"href":"https:\/\/gerardoduque.com.mx\/index.php?rest_route=%2Fwp%2Fv2%2Ftags&post=47179"}],"curies":[{"name":"wp","href":"https:\/\/api.w.org\/{rel}","templated":true}]}}