{"id":47169,"date":"2026-04-29T23:37:32","date_gmt":"2026-04-30T05:37:32","guid":{"rendered":"https:\/\/gerardoduque.com.mx\/?p=47169"},"modified":"2026-04-29T23:37:38","modified_gmt":"2026-04-30T05:37:38","slug":"congreso-infantil-2026-reune-a-estudiantes-de-primaria-en-ciudad-valles","status":"publish","type":"post","link":"https:\/\/gerardoduque.com.mx\/?p=47169","title":{"rendered":"CONGRESO INFANTIL 2026 RE\u00daNE A ESTUDIANTES DE PRIMARIA EN CIUDAD VALLES"},"content":{"rendered":"\n<p>En el marco del D\u00eda del Ni\u00f1o, se llev\u00f3 a cabo el Congreso Infantil 2026, organizado por la Direcci\u00f3n de Educaci\u00f3n Municipal, con la participaci\u00f3n de once estudiantes de primaria provenientes de distintas escuelas del municipio. El evento funcion\u00f3 como un ejercicio de participaci\u00f3n en el que los asistentes expusieron ideas y habilidades de expresi\u00f3n.<\/p>\n\n\n\n<p>Tras la evaluaci\u00f3n de un jurado, se design\u00f3 a Lionel Rangel Medina, alumno de sexto grado de la Escuela Primaria Benito Ju\u00e1rez del ejido Tantobal, como Ni\u00f1o Presidente Municipal por un D\u00eda. Como s\u00edndicos fueron seleccionados Julia Bautista God\u00ednez, de la Escuela Primaria Ignacio Zaragoza del ejido La Subida, y H\u00e9ctor Raymundo Santana Medina, de la Escuela Primaria Jes\u00fas Romero Flores, ubicada en la colonia Vista Hermosa.<\/p>\n\n\n\n<p>El cabildo infantil qued\u00f3 integrado adem\u00e1s por estudiantes de diversas instituciones educativas: Pablo Ernesto Villarreal, Kimberly Tototzintle Cuellar, Valentina Acu\u00f1a Gonz\u00e1lez, Romina Ibarra Bola\u00f1os, Sebastian Ortega Mireles, Santino Mateo P\u00e9rez Mart\u00ednez, Karla Elizabeth Espinoza Mart\u00ednez y Carlos Daniel P\u00e9rez Loera.<\/p>\n\n\n\n<p>El jurado calificador estuvo conformado por docentes que evaluaron la participaci\u00f3n de los estudiantes. Al evento asistieron autoridades municipales y educativas, quienes observaron el desarrollo de la actividad. Durante la jornada se destac\u00f3 la importancia de generar espacios de participaci\u00f3n para estudiantes de nivel b\u00e1sico.<\/p>\n","protected":false},"excerpt":{"rendered":"<p>Se realiz\u00f3 el Congreso Infantil 2026 en Ciudad Valles con la participaci\u00f3n de 11 estudiantes de nivel primaria.<\/p>\n<p>El ejercicio incluy\u00f3 la designaci\u00f3n de un ni\u00f1o presidente municipal y la integraci\u00f3n de un cabildo infantil.<\/p>\n","protected":false},"author":4,"featured_media":47170,"comment_status":"closed","ping_status":"closed","sticky":false,"template":"","format":"standard","meta":{"_et_pb_use_builder":"off","_et_pb_old_content":"","_et_gb_content_width":"","footnotes":""},"categories":[62],"tags":[],"class_list":["post-47169","post","type-post","status-publish","format-standard","has-post-thumbnail","hentry","category-redaccion"],"_links":{"self":[{"href":"https:\/\/gerardoduque.com.mx\/index.php?rest_route=\/wp\/v2\/posts\/47169","targetHints":{"allow":["GET"]}}],"collection":[{"href":"https:\/\/gerardoduque.com.mx\/index.php?rest_route=\/wp\/v2\/posts"}],"about":[{"href":"https:\/\/gerardoduque.com.mx\/index.php?rest_route=\/wp\/v2\/types\/post"}],"author":[{"embeddable":true,"href":"https:\/\/gerardoduque.com.mx\/index.php?rest_route=\/wp\/v2\/users\/4"}],"replies":[{"embeddable":true,"href":"https:\/\/gerardoduque.com.mx\/index.php?rest_route=%2Fwp%2Fv2%2Fcomments&post=47169"}],"version-history":[{"count":1,"href":"https:\/\/gerardoduque.com.mx\/index.php?rest_route=\/wp\/v2\/posts\/47169\/revisions"}],"predecessor-version":[{"id":47171,"href":"https:\/\/gerardoduque.com.mx\/index.php?rest_route=\/wp\/v2\/posts\/47169\/revisions\/47171"}],"wp:featuredmedia":[{"embeddable":true,"href":"https:\/\/gerardoduque.com.mx\/index.php?rest_route=\/wp\/v2\/media\/47170"}],"wp:attachment":[{"href":"https:\/\/gerardoduque.com.mx\/index.php?rest_route=%2Fwp%2Fv2%2Fmedia&parent=47169"}],"wp:term":[{"taxonomy":"category","embeddable":true,"href":"https:\/\/gerardoduque.com.mx\/index.php?rest_route=%2Fwp%2Fv2%2Fcategories&post=47169"},{"taxonomy":"post_tag","embeddable":true,"href":"https:\/\/gerardoduque.com.mx\/index.php?rest_route=%2Fwp%2Fv2%2Ftags&post=47169"}],"curies":[{"name":"wp","href":"https:\/\/api.w.org\/{rel}","templated":true}]}}