{"id":47166,"date":"2026-04-29T23:33:14","date_gmt":"2026-04-30T05:33:14","guid":{"rendered":"https:\/\/gerardoduque.com.mx\/?p=47166"},"modified":"2026-04-29T23:33:20","modified_gmt":"2026-04-30T05:33:20","slug":"autismo-e-inclusion-tema-de-foro-dirigido-a-familias-y-organizaciones-en-ciudad-valles","status":"publish","type":"post","link":"https:\/\/gerardoduque.com.mx\/?p=47166","title":{"rendered":"AUTISMO E INCLUSI\u00d3N, TEMA DE FORO DIRIGIDO A FAMILIAS Y ORGANIZACIONES EN CIUDAD VALLES"},"content":{"rendered":"\n<p>En Ciudad Valles se llev\u00f3 a cabo el foro \u201cUn municipio para todos: Autismo e inclusi\u00f3n en Ciudad Valles\u201d, dirigido a padres de familia, asociaciones civiles, personas con autismo y p\u00fablico interesado en el tema. La actividad reuni\u00f3 a asistentes que expusieron experiencias y necesidades vinculadas a la inclusi\u00f3n en distintos \u00e1mbitos.<\/p>\n\n\n\n<p>El evento fue organizado por la Direcci\u00f3n de Planeaci\u00f3n del Ayuntamiento, en coordinaci\u00f3n con la Secretar\u00eda General. La ponencia principal estuvo a cargo de la doctora Isis Libertad Lara Felipe, quien abord\u00f3 aspectos relacionados con el autismo, as\u00ed como las principales dificultades que enfrentan las personas con esta condici\u00f3n y formas de atenci\u00f3n.<\/p>\n\n\n\n<p>Al encuentro asistieron representantes de distintas \u00e1reas municipales, entre ellos el director de Educaci\u00f3n Municipal; el director de Planeaci\u00f3n; la coordinadora municipal de Derechos Humanos; la directora del Sistema Municipal DIF, y regidores del cabildo.<\/p>\n\n\n\n<p>Durante el foro, los asistentes se\u00f1alaron problem\u00e1ticas recurrentes en espacios educativos y sociales, y plantearon la necesidad de generar entornos m\u00e1s accesibles e informados. Autoridades municipales indicaron que se prev\u00e9 continuar con actividades orientadas a la difusi\u00f3n del tema y la apertura de espacios de participaci\u00f3n ciudadana.<\/p>\n","protected":false},"excerpt":{"rendered":"<p>Se realiz\u00f3 un foro sobre autismo e inclusi\u00f3n en Ciudad Valles con participaci\u00f3n de autoridades, especialistas y ciudadanos.<br \/>\nEl encuentro permiti\u00f3 exponer problem\u00e1ticas en entornos educativos y sociales relacionadas con el autismo.<\/p>\n","protected":false},"author":4,"featured_media":47167,"comment_status":"closed","ping_status":"closed","sticky":false,"template":"","format":"standard","meta":{"_et_pb_use_builder":"off","_et_pb_old_content":"","_et_gb_content_width":"","footnotes":""},"categories":[62],"tags":[],"class_list":["post-47166","post","type-post","status-publish","format-standard","has-post-thumbnail","hentry","category-redaccion"],"_links":{"self":[{"href":"https:\/\/gerardoduque.com.mx\/index.php?rest_route=\/wp\/v2\/posts\/47166","targetHints":{"allow":["GET"]}}],"collection":[{"href":"https:\/\/gerardoduque.com.mx\/index.php?rest_route=\/wp\/v2\/posts"}],"about":[{"href":"https:\/\/gerardoduque.com.mx\/index.php?rest_route=\/wp\/v2\/types\/post"}],"author":[{"embeddable":true,"href":"https:\/\/gerardoduque.com.mx\/index.php?rest_route=\/wp\/v2\/users\/4"}],"replies":[{"embeddable":true,"href":"https:\/\/gerardoduque.com.mx\/index.php?rest_route=%2Fwp%2Fv2%2Fcomments&post=47166"}],"version-history":[{"count":1,"href":"https:\/\/gerardoduque.com.mx\/index.php?rest_route=\/wp\/v2\/posts\/47166\/revisions"}],"predecessor-version":[{"id":47168,"href":"https:\/\/gerardoduque.com.mx\/index.php?rest_route=\/wp\/v2\/posts\/47166\/revisions\/47168"}],"wp:featuredmedia":[{"embeddable":true,"href":"https:\/\/gerardoduque.com.mx\/index.php?rest_route=\/wp\/v2\/media\/47167"}],"wp:attachment":[{"href":"https:\/\/gerardoduque.com.mx\/index.php?rest_route=%2Fwp%2Fv2%2Fmedia&parent=47166"}],"wp:term":[{"taxonomy":"category","embeddable":true,"href":"https:\/\/gerardoduque.com.mx\/index.php?rest_route=%2Fwp%2Fv2%2Fcategories&post=47166"},{"taxonomy":"post_tag","embeddable":true,"href":"https:\/\/gerardoduque.com.mx\/index.php?rest_route=%2Fwp%2Fv2%2Ftags&post=47166"}],"curies":[{"name":"wp","href":"https:\/\/api.w.org\/{rel}","templated":true}]}}