{"id":47163,"date":"2026-04-29T21:54:59","date_gmt":"2026-04-30T03:54:59","guid":{"rendered":"https:\/\/gerardoduque.com.mx\/?p=47163"},"modified":"2026-04-29T21:55:05","modified_gmt":"2026-04-30T03:55:05","slug":"soledad-se-separa-de-interapas-en-medio-de-crisis-por-falta-de-agua","status":"publish","type":"post","link":"https:\/\/gerardoduque.com.mx\/?p=47163","title":{"rendered":"SOLEDAD SE SEPARA DE INTERAPAS EN MEDIO DE CRISIS POR FALTA DE AGUA"},"content":{"rendered":"\n<p>En medio de crecientes protestas ciudadanas por la falta de agua en colonias de la zona metropolitana, el gobernador Ricardo Gallardo Cardona confirm\u00f3 que el municipio de Soledad de Graciano S\u00e1nchez se separar\u00e1 formalmente del organismo operador Interapas a partir del pr\u00f3ximo 30 de mayo.<\/p>\n\n\n\n<p>La decisi\u00f3n, acordada entre autoridades estatales y municipales, ocurre tras semanas de inconformidad social, bloqueos y denuncias por el desabasto del servicio, situaci\u00f3n que ha afectado a diversos sectores de la poblaci\u00f3n.<\/p>\n\n\n\n<p>Durante este periodo, el organismo Interapas y el alcalde de la capital, Enrique Galindo Ceballos, hab\u00edan atribuido las manifestaciones a una supuesta \u201cguerra sucia\u201d, minimizando la problem\u00e1tica. No obstante, la persistencia de los reclamos ciudadanos evidenci\u00f3 la magnitud de la crisis h\u00eddrica en la regi\u00f3n.<\/p>\n\n\n\n<p>Con la separaci\u00f3n, Soledad de Graciano S\u00e1nchez asumir\u00e1 de manera independiente la operaci\u00f3n y gesti\u00f3n del servicio de agua potable, lo que implica un cambio significativo en el modelo actual de administraci\u00f3n del recurso en la zona metropolitana.<\/p>\n\n\n\n<p>Autoridades no han detallado a\u00fan el esquema operativo que implementar\u00e1 el municipio tras su salida de Interapas, ni los plazos para garantizar la continuidad del servicio a los usuarios.<\/p>\n\n\n\n<p>Mientras tanto, habitantes de distintas colonias contin\u00faan exigiendo soluciones inmediatas ante la falta de agua, una problem\u00e1tica que ha escalado en las \u00faltimas semanas y que ahora deriva en una reestructuraci\u00f3n institucional del servicio en la zona conurbada.<\/p>\n","protected":false},"excerpt":{"rendered":"<p>La decisi\u00f3n se concretar\u00e1 el 30 de mayo tras semanas de protestas y reclamos ciudadanos en la zona metropolitana<\/p>\n","protected":false},"author":4,"featured_media":47164,"comment_status":"closed","ping_status":"closed","sticky":false,"template":"","format":"standard","meta":{"_et_pb_use_builder":"off","_et_pb_old_content":"","_et_gb_content_width":"","footnotes":""},"categories":[412,62],"tags":[],"class_list":["post-47163","post","type-post","status-publish","format-standard","has-post-thumbnail","hentry","category-destacado","category-redaccion"],"_links":{"self":[{"href":"https:\/\/gerardoduque.com.mx\/index.php?rest_route=\/wp\/v2\/posts\/47163","targetHints":{"allow":["GET"]}}],"collection":[{"href":"https:\/\/gerardoduque.com.mx\/index.php?rest_route=\/wp\/v2\/posts"}],"about":[{"href":"https:\/\/gerardoduque.com.mx\/index.php?rest_route=\/wp\/v2\/types\/post"}],"author":[{"embeddable":true,"href":"https:\/\/gerardoduque.com.mx\/index.php?rest_route=\/wp\/v2\/users\/4"}],"replies":[{"embeddable":true,"href":"https:\/\/gerardoduque.com.mx\/index.php?rest_route=%2Fwp%2Fv2%2Fcomments&post=47163"}],"version-history":[{"count":1,"href":"https:\/\/gerardoduque.com.mx\/index.php?rest_route=\/wp\/v2\/posts\/47163\/revisions"}],"predecessor-version":[{"id":47165,"href":"https:\/\/gerardoduque.com.mx\/index.php?rest_route=\/wp\/v2\/posts\/47163\/revisions\/47165"}],"wp:featuredmedia":[{"embeddable":true,"href":"https:\/\/gerardoduque.com.mx\/index.php?rest_route=\/wp\/v2\/media\/47164"}],"wp:attachment":[{"href":"https:\/\/gerardoduque.com.mx\/index.php?rest_route=%2Fwp%2Fv2%2Fmedia&parent=47163"}],"wp:term":[{"taxonomy":"category","embeddable":true,"href":"https:\/\/gerardoduque.com.mx\/index.php?rest_route=%2Fwp%2Fv2%2Fcategories&post=47163"},{"taxonomy":"post_tag","embeddable":true,"href":"https:\/\/gerardoduque.com.mx\/index.php?rest_route=%2Fwp%2Fv2%2Ftags&post=47163"}],"curies":[{"name":"wp","href":"https:\/\/api.w.org\/{rel}","templated":true}]}}