{"id":47159,"date":"2026-04-29T21:44:14","date_gmt":"2026-04-30T03:44:14","guid":{"rendered":"https:\/\/gerardoduque.com.mx\/?p=47159"},"modified":"2026-04-29T21:44:20","modified_gmt":"2026-04-30T03:44:20","slug":"slp-tendra-megapuente-escolar-no-hay-clases-el-lunes-4-de-mayo","status":"publish","type":"post","link":"https:\/\/gerardoduque.com.mx\/?p=47159","title":{"rendered":"SLP TENDR\u00c1 MEGAPUENTE ESCOLAR; NO HAY CLASES EL LUNES 4 DE MAYO"},"content":{"rendered":"\n<p>La Secretar\u00eda de Educaci\u00f3n de Gobierno del Estado (SEGE) inform\u00f3 que el lunes 4 de mayo ser\u00e1 d\u00eda de descanso en todos los niveles educativos, por lo que las actividades escolares se reanudar\u00e1n el martes 5.<\/p>\n\n\n\n<p>El ajuste al calendario aplica para estudiantes, docentes y personal administrativo en escuelas p\u00fablicas y privadas del estado. De acuerdo con la dependencia, la medida busca facilitar la organizaci\u00f3n de actividades escolares y mejorar la asistencia en los planteles.<\/p>\n\n\n\n<p>La autoridad educativa no detall\u00f3 si este cambio responde a alguna disposici\u00f3n federal o a un ajuste interno del calendario estatal, pero confirm\u00f3 que ser\u00e1 obligatorio para todos los centros educativos.<\/p>\n\n\n\n<p>Con esta modificaci\u00f3n, se genera un fin de semana largo para la comunidad escolar, previo a la reanudaci\u00f3n normal de clases el martes.<\/p>\n","protected":false},"excerpt":{"rendered":"<p>La Secretar\u00eda de Educaci\u00f3n de Gobierno del Estado (SEGE) inform\u00f3 que el lunes 4 de mayo ser\u00e1 d\u00eda de descanso en todos los niveles educativos, por lo que las actividades escolares se reanudar\u00e1n el martes 5. El ajuste al calendario aplica para estudiantes, docentes y personal administrativo en escuelas p\u00fablicas y privadas del estado. De [&hellip;]<\/p>\n","protected":false},"author":4,"featured_media":47160,"comment_status":"closed","ping_status":"closed","sticky":false,"template":"","format":"standard","meta":{"_et_pb_use_builder":"off","_et_pb_old_content":"","_et_gb_content_width":"","footnotes":""},"categories":[412,62],"tags":[],"class_list":["post-47159","post","type-post","status-publish","format-standard","has-post-thumbnail","hentry","category-destacado","category-redaccion"],"_links":{"self":[{"href":"https:\/\/gerardoduque.com.mx\/index.php?rest_route=\/wp\/v2\/posts\/47159","targetHints":{"allow":["GET"]}}],"collection":[{"href":"https:\/\/gerardoduque.com.mx\/index.php?rest_route=\/wp\/v2\/posts"}],"about":[{"href":"https:\/\/gerardoduque.com.mx\/index.php?rest_route=\/wp\/v2\/types\/post"}],"author":[{"embeddable":true,"href":"https:\/\/gerardoduque.com.mx\/index.php?rest_route=\/wp\/v2\/users\/4"}],"replies":[{"embeddable":true,"href":"https:\/\/gerardoduque.com.mx\/index.php?rest_route=%2Fwp%2Fv2%2Fcomments&post=47159"}],"version-history":[{"count":1,"href":"https:\/\/gerardoduque.com.mx\/index.php?rest_route=\/wp\/v2\/posts\/47159\/revisions"}],"predecessor-version":[{"id":47161,"href":"https:\/\/gerardoduque.com.mx\/index.php?rest_route=\/wp\/v2\/posts\/47159\/revisions\/47161"}],"wp:featuredmedia":[{"embeddable":true,"href":"https:\/\/gerardoduque.com.mx\/index.php?rest_route=\/wp\/v2\/media\/47160"}],"wp:attachment":[{"href":"https:\/\/gerardoduque.com.mx\/index.php?rest_route=%2Fwp%2Fv2%2Fmedia&parent=47159"}],"wp:term":[{"taxonomy":"category","embeddable":true,"href":"https:\/\/gerardoduque.com.mx\/index.php?rest_route=%2Fwp%2Fv2%2Fcategories&post=47159"},{"taxonomy":"post_tag","embeddable":true,"href":"https:\/\/gerardoduque.com.mx\/index.php?rest_route=%2Fwp%2Fv2%2Ftags&post=47159"}],"curies":[{"name":"wp","href":"https:\/\/api.w.org\/{rel}","templated":true}]}}