{"id":47156,"date":"2026-04-29T14:00:07","date_gmt":"2026-04-29T20:00:07","guid":{"rendered":"https:\/\/gerardoduque.com.mx\/?p=47156"},"modified":"2026-04-29T14:00:13","modified_gmt":"2026-04-29T20:00:13","slug":"eu-acusa-a-rocha-moya-de-vinculos-con-el-narco","status":"publish","type":"post","link":"https:\/\/gerardoduque.com.mx\/?p=47156","title":{"rendered":"EU ACUSA A ROCHA MOYA DE V\u00cdNCULOS CON EL NARCO"},"content":{"rendered":"\n<p>El Departamento de Justicia de Estados Unidos present\u00f3 una acusaci\u00f3n por narcotr\u00e1fico contra el gobernador de Sinaloa, Rub\u00e9n Rocha Moya, y otros nueve funcionarios, a quienes se\u00f1ala de presuntamente colaborar con el C\u00e1rtel de Sinaloa para facilitar el env\u00edo de drogas a ese pa\u00eds. El caso, radicado en una corte federal de Nueva York, incluye cargos por tr\u00e1fico de drogas, uso de armas y v\u00ednculos con actos de violencia, adem\u00e1s de acusaciones de que el grupo criminal habr\u00eda intervenido en el proceso electoral que llev\u00f3 al mandatario al poder.<\/p>\n\n\n\n<p>Rocha Moya gan\u00f3 la gubernatura de Sinaloa en 2021 postulado por el partido pol\u00edtico MORENA. Las acusaciones en su contra deber\u00e1n ser probadas en tribunales estadounidenses conforme al debido proceso.<\/p>\n","protected":false},"excerpt":{"rendered":"<p>Caso se procesa en corte federal de Nueva York<\/p>\n","protected":false},"author":4,"featured_media":47157,"comment_status":"closed","ping_status":"closed","sticky":false,"template":"","format":"standard","meta":{"_et_pb_use_builder":"off","_et_pb_old_content":"","_et_gb_content_width":"","footnotes":""},"categories":[412,62],"tags":[],"class_list":["post-47156","post","type-post","status-publish","format-standard","has-post-thumbnail","hentry","category-destacado","category-redaccion"],"_links":{"self":[{"href":"https:\/\/gerardoduque.com.mx\/index.php?rest_route=\/wp\/v2\/posts\/47156","targetHints":{"allow":["GET"]}}],"collection":[{"href":"https:\/\/gerardoduque.com.mx\/index.php?rest_route=\/wp\/v2\/posts"}],"about":[{"href":"https:\/\/gerardoduque.com.mx\/index.php?rest_route=\/wp\/v2\/types\/post"}],"author":[{"embeddable":true,"href":"https:\/\/gerardoduque.com.mx\/index.php?rest_route=\/wp\/v2\/users\/4"}],"replies":[{"embeddable":true,"href":"https:\/\/gerardoduque.com.mx\/index.php?rest_route=%2Fwp%2Fv2%2Fcomments&post=47156"}],"version-history":[{"count":1,"href":"https:\/\/gerardoduque.com.mx\/index.php?rest_route=\/wp\/v2\/posts\/47156\/revisions"}],"predecessor-version":[{"id":47158,"href":"https:\/\/gerardoduque.com.mx\/index.php?rest_route=\/wp\/v2\/posts\/47156\/revisions\/47158"}],"wp:featuredmedia":[{"embeddable":true,"href":"https:\/\/gerardoduque.com.mx\/index.php?rest_route=\/wp\/v2\/media\/47157"}],"wp:attachment":[{"href":"https:\/\/gerardoduque.com.mx\/index.php?rest_route=%2Fwp%2Fv2%2Fmedia&parent=47156"}],"wp:term":[{"taxonomy":"category","embeddable":true,"href":"https:\/\/gerardoduque.com.mx\/index.php?rest_route=%2Fwp%2Fv2%2Fcategories&post=47156"},{"taxonomy":"post_tag","embeddable":true,"href":"https:\/\/gerardoduque.com.mx\/index.php?rest_route=%2Fwp%2Fv2%2Ftags&post=47156"}],"curies":[{"name":"wp","href":"https:\/\/api.w.org\/{rel}","templated":true}]}}