{"id":47145,"date":"2026-04-27T23:29:42","date_gmt":"2026-04-28T05:29:42","guid":{"rendered":"https:\/\/gerardoduque.com.mx\/?p=47145"},"modified":"2026-04-27T23:29:49","modified_gmt":"2026-04-28T05:29:49","slug":"firman-convenio-para-capacitacion-de-contadores-en-san-luis-potosi","status":"publish","type":"post","link":"https:\/\/gerardoduque.com.mx\/?p=47145","title":{"rendered":"FIRMAN CONVENIO PARA CAPACITACI\u00d3N DE CONTADORES EN SAN LUIS POTOSI"},"content":{"rendered":"\n<p>El Instituto de Capacitaci\u00f3n para el Trabajo firm\u00f3 un convenio de colaboraci\u00f3n con el Colegio de Contadores P\u00fablicos con el objetivo de impulsar la formaci\u00f3n, actualizaci\u00f3n y certificaci\u00f3n de competencias laborales en el sector contable.<\/p>\n\n\n\n<p>De acuerdo con la informaci\u00f3n oficial, el acuerdo contempla el desarrollo de programas formativos orientados a las necesidades del entorno profesional, as\u00ed como el uso compartido de instalaciones para actividades acad\u00e9micas y de capacitaci\u00f3n.<\/p>\n\n\n\n<p>Las instituciones se\u00f1alaron que el convenio permitir\u00e1 integrar contenidos actualizados y procesos de validaci\u00f3n de habilidades t\u00e9cnicas, con el fin de fortalecer la preparaci\u00f3n de los profesionistas del \u00e1rea.<\/p>\n\n\n\n<p>Asimismo, se indic\u00f3 que la colaboraci\u00f3n busca ampliar las opciones de capacitaci\u00f3n y actualizaci\u00f3n laboral en el estado, en beneficio del sector productivo y educativo.<\/p>\n","protected":false},"excerpt":{"rendered":"<p>Se firm\u00f3 un convenio de colaboraci\u00f3n entre un organismo de capacitaci\u00f3n laboral y el Colegio de Contadores P\u00fablicos para fortalecer la formaci\u00f3n profesional en San Luis Potos\u00ed.<\/p>\n","protected":false},"author":4,"featured_media":47146,"comment_status":"closed","ping_status":"closed","sticky":false,"template":"","format":"standard","meta":{"_et_pb_use_builder":"off","_et_pb_old_content":"","_et_gb_content_width":"","footnotes":""},"categories":[62,280],"tags":[],"class_list":["post-47145","post","type-post","status-publish","format-standard","has-post-thumbnail","hentry","category-redaccion","category-gob-slp"],"_links":{"self":[{"href":"https:\/\/gerardoduque.com.mx\/index.php?rest_route=\/wp\/v2\/posts\/47145","targetHints":{"allow":["GET"]}}],"collection":[{"href":"https:\/\/gerardoduque.com.mx\/index.php?rest_route=\/wp\/v2\/posts"}],"about":[{"href":"https:\/\/gerardoduque.com.mx\/index.php?rest_route=\/wp\/v2\/types\/post"}],"author":[{"embeddable":true,"href":"https:\/\/gerardoduque.com.mx\/index.php?rest_route=\/wp\/v2\/users\/4"}],"replies":[{"embeddable":true,"href":"https:\/\/gerardoduque.com.mx\/index.php?rest_route=%2Fwp%2Fv2%2Fcomments&post=47145"}],"version-history":[{"count":1,"href":"https:\/\/gerardoduque.com.mx\/index.php?rest_route=\/wp\/v2\/posts\/47145\/revisions"}],"predecessor-version":[{"id":47147,"href":"https:\/\/gerardoduque.com.mx\/index.php?rest_route=\/wp\/v2\/posts\/47145\/revisions\/47147"}],"wp:featuredmedia":[{"embeddable":true,"href":"https:\/\/gerardoduque.com.mx\/index.php?rest_route=\/wp\/v2\/media\/47146"}],"wp:attachment":[{"href":"https:\/\/gerardoduque.com.mx\/index.php?rest_route=%2Fwp%2Fv2%2Fmedia&parent=47145"}],"wp:term":[{"taxonomy":"category","embeddable":true,"href":"https:\/\/gerardoduque.com.mx\/index.php?rest_route=%2Fwp%2Fv2%2Fcategories&post=47145"},{"taxonomy":"post_tag","embeddable":true,"href":"https:\/\/gerardoduque.com.mx\/index.php?rest_route=%2Fwp%2Fv2%2Ftags&post=47145"}],"curies":[{"name":"wp","href":"https:\/\/api.w.org\/{rel}","templated":true}]}}