{"id":47142,"date":"2026-04-27T23:25:44","date_gmt":"2026-04-28T05:25:44","guid":{"rendered":"https:\/\/gerardoduque.com.mx\/?p=47142"},"modified":"2026-04-27T23:25:49","modified_gmt":"2026-04-28T05:25:49","slug":"inauguran-exposicion-fotografica-en-el-altiplano","status":"publish","type":"post","link":"https:\/\/gerardoduque.com.mx\/?p=47142","title":{"rendered":"INAUGURAN EXPOSICI\u00d3N FOTOGR\u00c1FICA EN EL ALTIPLANO"},"content":{"rendered":"\n<p>El Sistema Educativo Estatal Regular inaugur\u00f3 la exposici\u00f3n fotogr\u00e1fica \u201c203 A\u00f1os de Instrucci\u00f3n y Educaci\u00f3n P\u00fablica, la Relevancia del Altiplano\u201d en el Centro Cultural Real de Catorce.<\/p>\n\n\n\n<p>La muestra re\u00fane im\u00e1genes de 60 instituciones educativas, en las que se documentan distintas etapas del desarrollo del sistema educativo en la regi\u00f3n, as\u00ed como el trabajo del personal docente y la evoluci\u00f3n de los planteles.<\/p>\n\n\n\n<p>De acuerdo con la informaci\u00f3n oficial, la exposici\u00f3n busca presentar un recorrido visual sobre la historia de la educaci\u00f3n p\u00fablica en San Luis Potos\u00ed y su presencia en la zona del Altiplano.<\/p>\n\n\n\n<p>La exhibici\u00f3n permanece abierta al p\u00fablico y forma parte de las actividades conmemorativas relacionadas con el aniversario del sistema educativo en la entidad.<\/p>\n","protected":false},"excerpt":{"rendered":"<p>Se inaugur\u00f3 una exposici\u00f3n fotogr\u00e1fica en Real de Catorce con motivo del 203 aniversario de la instrucci\u00f3n p\u00fablica en San Luis Potos\u00ed.<\/p>\n","protected":false},"author":4,"featured_media":47143,"comment_status":"closed","ping_status":"closed","sticky":false,"template":"","format":"standard","meta":{"_et_pb_use_builder":"off","_et_pb_old_content":"","_et_gb_content_width":"","footnotes":""},"categories":[62,280],"tags":[],"class_list":["post-47142","post","type-post","status-publish","format-standard","has-post-thumbnail","hentry","category-redaccion","category-gob-slp"],"_links":{"self":[{"href":"https:\/\/gerardoduque.com.mx\/index.php?rest_route=\/wp\/v2\/posts\/47142","targetHints":{"allow":["GET"]}}],"collection":[{"href":"https:\/\/gerardoduque.com.mx\/index.php?rest_route=\/wp\/v2\/posts"}],"about":[{"href":"https:\/\/gerardoduque.com.mx\/index.php?rest_route=\/wp\/v2\/types\/post"}],"author":[{"embeddable":true,"href":"https:\/\/gerardoduque.com.mx\/index.php?rest_route=\/wp\/v2\/users\/4"}],"replies":[{"embeddable":true,"href":"https:\/\/gerardoduque.com.mx\/index.php?rest_route=%2Fwp%2Fv2%2Fcomments&post=47142"}],"version-history":[{"count":1,"href":"https:\/\/gerardoduque.com.mx\/index.php?rest_route=\/wp\/v2\/posts\/47142\/revisions"}],"predecessor-version":[{"id":47144,"href":"https:\/\/gerardoduque.com.mx\/index.php?rest_route=\/wp\/v2\/posts\/47142\/revisions\/47144"}],"wp:featuredmedia":[{"embeddable":true,"href":"https:\/\/gerardoduque.com.mx\/index.php?rest_route=\/wp\/v2\/media\/47143"}],"wp:attachment":[{"href":"https:\/\/gerardoduque.com.mx\/index.php?rest_route=%2Fwp%2Fv2%2Fmedia&parent=47142"}],"wp:term":[{"taxonomy":"category","embeddable":true,"href":"https:\/\/gerardoduque.com.mx\/index.php?rest_route=%2Fwp%2Fv2%2Fcategories&post=47142"},{"taxonomy":"post_tag","embeddable":true,"href":"https:\/\/gerardoduque.com.mx\/index.php?rest_route=%2Fwp%2Fv2%2Ftags&post=47142"}],"curies":[{"name":"wp","href":"https:\/\/api.w.org\/{rel}","templated":true}]}}