{"id":47139,"date":"2026-04-27T23:23:24","date_gmt":"2026-04-28T05:23:24","guid":{"rendered":"https:\/\/gerardoduque.com.mx\/?p=47139"},"modified":"2026-04-27T23:23:29","modified_gmt":"2026-04-28T05:23:29","slug":"realiza-cecyte-concurso-estatal-de-creatividad-e-innovacion-tecnologica-2026","status":"publish","type":"post","link":"https:\/\/gerardoduque.com.mx\/?p=47139","title":{"rendered":"REALIZA CECYTE CONCURSO ESTATAL DE CREATIVIDAD E INNOVACI\u00d3N TECNOL\u00d3GICA 2026"},"content":{"rendered":"\n<p>El Colegio de Estudios Cient\u00edficos y Tecnol\u00f3gicos del Estado llev\u00f3 a cabo el Concurso Estatal de Creatividad e Innovaci\u00f3n Tecnol\u00f3gica 2026, con la participaci\u00f3n de proyectos estudiantiles de distintos planteles del estado.<\/p>\n\n\n\n<p>De acuerdo con la instituci\u00f3n, la etapa estatal reuni\u00f3 12 iniciativas provenientes de planteles ubicados en diferentes regiones, seleccionadas previamente en fases intramuros.<\/p>\n\n\n\n<p>Los proyectos participaron en categor\u00edas como Cultura Ecol\u00f3gica, Prototipos Tecnol\u00f3gicos, Inform\u00e1ticos y de Investigaci\u00f3n, con propuestas orientadas al desarrollo de soluciones en distintos \u00e1mbitos.<\/p>\n\n\n\n<p>El evento tuvo como objetivo presentar trabajos acad\u00e9micos de estudiantes y fortalecer la formaci\u00f3n en \u00e1reas cient\u00edficas y tecnol\u00f3gicas dentro del sistema educativo estatal.<\/p>\n","protected":false},"excerpt":{"rendered":"<p>El Colegio de Estudios Cient\u00edficos y Tecnol\u00f3gicos del Estado llev\u00f3 a cabo el Concurso Estatal de Creatividad e Innovaci\u00f3n Tecnol\u00f3gica 2026, con la participaci\u00f3n de proyectos estudiantiles de distintos planteles del estado.<\/p>\n<p>De acuerdo con la instituci\u00f3n, la etapa estatal reuni\u00f3 12 iniciativas provenientes de planteles ubicados en diferentes regiones, seleccionadas previamente en fases intramuros.<\/p>\n<p>Los proyectos participaron en categor\u00edas como Cultura Ecol\u00f3gica, Prototipos Tecnol\u00f3gicos, Inform\u00e1ticos y de Investigaci\u00f3n, con propuestas orientadas al desarrollo de soluciones en distintos \u00e1mbitos.<\/p>\n<p>El evento tuvo como objetivo presentar trabajos acad\u00e9micos de estudiantes y fortalecer la formaci\u00f3n en \u00e1reas cient\u00edficas y tecnol\u00f3gicas dentro del sistema educativo estatal.<\/p>\n","protected":false},"author":4,"featured_media":47140,"comment_status":"closed","ping_status":"closed","sticky":false,"template":"","format":"standard","meta":{"_et_pb_use_builder":"off","_et_pb_old_content":"","_et_gb_content_width":"","footnotes":""},"categories":[62,280],"tags":[],"class_list":["post-47139","post","type-post","status-publish","format-standard","has-post-thumbnail","hentry","category-redaccion","category-gob-slp"],"_links":{"self":[{"href":"https:\/\/gerardoduque.com.mx\/index.php?rest_route=\/wp\/v2\/posts\/47139","targetHints":{"allow":["GET"]}}],"collection":[{"href":"https:\/\/gerardoduque.com.mx\/index.php?rest_route=\/wp\/v2\/posts"}],"about":[{"href":"https:\/\/gerardoduque.com.mx\/index.php?rest_route=\/wp\/v2\/types\/post"}],"author":[{"embeddable":true,"href":"https:\/\/gerardoduque.com.mx\/index.php?rest_route=\/wp\/v2\/users\/4"}],"replies":[{"embeddable":true,"href":"https:\/\/gerardoduque.com.mx\/index.php?rest_route=%2Fwp%2Fv2%2Fcomments&post=47139"}],"version-history":[{"count":1,"href":"https:\/\/gerardoduque.com.mx\/index.php?rest_route=\/wp\/v2\/posts\/47139\/revisions"}],"predecessor-version":[{"id":47141,"href":"https:\/\/gerardoduque.com.mx\/index.php?rest_route=\/wp\/v2\/posts\/47139\/revisions\/47141"}],"wp:featuredmedia":[{"embeddable":true,"href":"https:\/\/gerardoduque.com.mx\/index.php?rest_route=\/wp\/v2\/media\/47140"}],"wp:attachment":[{"href":"https:\/\/gerardoduque.com.mx\/index.php?rest_route=%2Fwp%2Fv2%2Fmedia&parent=47139"}],"wp:term":[{"taxonomy":"category","embeddable":true,"href":"https:\/\/gerardoduque.com.mx\/index.php?rest_route=%2Fwp%2Fv2%2Fcategories&post=47139"},{"taxonomy":"post_tag","embeddable":true,"href":"https:\/\/gerardoduque.com.mx\/index.php?rest_route=%2Fwp%2Fv2%2Ftags&post=47139"}],"curies":[{"name":"wp","href":"https:\/\/api.w.org\/{rel}","templated":true}]}}