{"id":47127,"date":"2026-04-27T23:08:47","date_gmt":"2026-04-28T05:08:47","guid":{"rendered":"https:\/\/gerardoduque.com.mx\/?p=47127"},"modified":"2026-04-27T23:08:53","modified_gmt":"2026-04-28T05:08:53","slug":"celebran-en-ciudad-valles-evento-por-el-dia-del-nino-y-la-nina","status":"publish","type":"post","link":"https:\/\/gerardoduque.com.mx\/?p=47127","title":{"rendered":"CELEBRAN EN CIUDAD VALLES EVENTO POR EL D\u00cdA DEL NI\u00d1O Y LA NI\u00d1A"},"content":{"rendered":"\n<p>En el Lienzo Charro \u201cEl Caporal\u201d de Ciudad Valles se llev\u00f3 a cabo un festejo con motivo del D\u00eda del Ni\u00f1o y la Ni\u00f1a, al que acudieron cientos de familias del municipio.<\/p>\n\n\n\n<p>Durante la actividad se realizaron din\u00e1micas recreativas, entrega de juguetes y dulces, adem\u00e1s de presentaciones dirigidas a la poblaci\u00f3n infantil. Tambi\u00e9n se instalaron m\u00f3dulos de hidrataci\u00f3n y de atenci\u00f3n por parte de corporaciones de auxilio.<\/p>\n\n\n\n<p>En el evento participaron autoridades municipales y estatales, quienes se\u00f1alaron la importancia de fortalecer acciones dirigidas a la poblaci\u00f3n infantil y promover espacios de convivencia familiar.<\/p>\n\n\n\n<p>La actividad cont\u00f3 con la asistencia de integrantes del Sistema Municipal DIF y de representantes de dependencias estatales, en coordinaci\u00f3n con el Ayuntamiento de Ciudad Valles.<\/p>\n","protected":false},"excerpt":{"rendered":"<p>Se realiz\u00f3 un evento en Ciudad Valles con motivo del D\u00eda del Ni\u00f1o y la Ni\u00f1a, en el que participaron autoridades municipales y estatales.<\/p>\n","protected":false},"author":4,"featured_media":47128,"comment_status":"closed","ping_status":"closed","sticky":false,"template":"","format":"standard","meta":{"_et_pb_use_builder":"off","_et_pb_old_content":"","_et_gb_content_width":"","footnotes":""},"categories":[62],"tags":[],"class_list":["post-47127","post","type-post","status-publish","format-standard","has-post-thumbnail","hentry","category-redaccion"],"_links":{"self":[{"href":"https:\/\/gerardoduque.com.mx\/index.php?rest_route=\/wp\/v2\/posts\/47127","targetHints":{"allow":["GET"]}}],"collection":[{"href":"https:\/\/gerardoduque.com.mx\/index.php?rest_route=\/wp\/v2\/posts"}],"about":[{"href":"https:\/\/gerardoduque.com.mx\/index.php?rest_route=\/wp\/v2\/types\/post"}],"author":[{"embeddable":true,"href":"https:\/\/gerardoduque.com.mx\/index.php?rest_route=\/wp\/v2\/users\/4"}],"replies":[{"embeddable":true,"href":"https:\/\/gerardoduque.com.mx\/index.php?rest_route=%2Fwp%2Fv2%2Fcomments&post=47127"}],"version-history":[{"count":1,"href":"https:\/\/gerardoduque.com.mx\/index.php?rest_route=\/wp\/v2\/posts\/47127\/revisions"}],"predecessor-version":[{"id":47129,"href":"https:\/\/gerardoduque.com.mx\/index.php?rest_route=\/wp\/v2\/posts\/47127\/revisions\/47129"}],"wp:featuredmedia":[{"embeddable":true,"href":"https:\/\/gerardoduque.com.mx\/index.php?rest_route=\/wp\/v2\/media\/47128"}],"wp:attachment":[{"href":"https:\/\/gerardoduque.com.mx\/index.php?rest_route=%2Fwp%2Fv2%2Fmedia&parent=47127"}],"wp:term":[{"taxonomy":"category","embeddable":true,"href":"https:\/\/gerardoduque.com.mx\/index.php?rest_route=%2Fwp%2Fv2%2Fcategories&post=47127"},{"taxonomy":"post_tag","embeddable":true,"href":"https:\/\/gerardoduque.com.mx\/index.php?rest_route=%2Fwp%2Fv2%2Ftags&post=47127"}],"curies":[{"name":"wp","href":"https:\/\/api.w.org\/{rel}","templated":true}]}}