{"id":47094,"date":"2026-04-27T19:29:40","date_gmt":"2026-04-28T01:29:40","guid":{"rendered":"https:\/\/gerardoduque.com.mx\/?p=47094"},"modified":"2026-04-27T19:29:47","modified_gmt":"2026-04-28T01:29:47","slug":"docentes-enfrentan-alza-en-impuestos-por-nuevo-criterio-fiscal","status":"publish","type":"post","link":"https:\/\/gerardoduque.com.mx\/?p=47094","title":{"rendered":"DOCENTES ENFRENTAN ALZA EN IMPUESTOS POR NUEVO CRITERIO FISCAL"},"content":{"rendered":"\n<p>Miles de docentes enfrentan un incremento en el pago del Impuesto Sobre la Renta debido a un cambio en los criterios fiscales que ahora consideran la totalidad de sus ingresos, incluyendo bonos, compensaciones y prestaciones.<\/p>\n\n\n\n<p>Durante a\u00f1os, muchos maestros han recibido ingresos a trav\u00e9s de dos v\u00edas, el salario base federal y pagos adicionales por parte del estado. Sin embargo, el Servicio de Administraci\u00f3n Tributaria comenz\u00f3 a integrar todos estos conceptos para efectos fiscales, lo que elev\u00f3 el monto de impuestos a pagar.<\/p>\n\n\n\n<p>El principal impacto se da en aquellos docentes cuyos ingresos anuales superan los 400 mil pesos al sumar ambas n\u00f3minas, lo que los coloca en un rango m\u00e1s alto de tributaci\u00f3n.<\/p>\n\n\n\n<p>El titular de la Secretar\u00eda de Educaci\u00f3n del Gobierno del Estado, Juan Carlos Torres Cedillo, confirm\u00f3 el aumento en la carga tributaria y explic\u00f3 que se debe a un ajuste en la forma en que se calculan los impuestos.<\/p>\n\n\n\n<p>Se\u00f1al\u00f3 que anteriormente algunos bonos no eran considerados dentro del c\u00e1lculo del impuesto, pero ahora s\u00ed est\u00e1n siendo incluidos, lo que incrementa el monto final.<\/p>\n\n\n\n<p>Ante esta situaci\u00f3n, el gobierno estatal propuso un subsidio para reducir el impacto econ\u00f3mico en los docentes, con el objetivo de que el pago adicional sea m\u00ednimo. Esta medida busca atender la inconformidad generada entre el magisterio.<\/p>\n\n\n\n<p>El funcionario explic\u00f3 que la situaci\u00f3n deriva de la existencia de dos patrones, la federaci\u00f3n que cubre el salario base y el estado que paga ingresos adicionales. Aunque no se trata de una irregularidad, la suma de ambos ingresos ahora se refleja en una mayor carga fiscal.<\/p>\n\n\n\n<p>Pese a ello, entre los docentes persiste el descontento, principalmente por la falta de informaci\u00f3n previa sobre c\u00f3mo se integrar\u00edan sus ingresos ante la autoridad fiscal.<\/p>\n\n\n\n<p>Autoridades estatales calificaron el problema como un desfase administrativo y aseguraron que ya se est\u00e1n tomando medidas para resolverlo.<\/p>\n\n\n\n<p>La situaci\u00f3n ha abierto el debate sobre si se trata \u00fanicamente de un ajuste fiscal o de un cambio que, al transparentar los ingresos, termina generando un impacto econ\u00f3mico directo en los trabajadores de la educaci\u00f3n.<\/p>\n","protected":false},"excerpt":{"rendered":"<p>El SAT ahora integra bonos y prestaciones al ingreso total, lo que eleva el ISR de miles de maestros<\/p>\n","protected":false},"author":4,"featured_media":47095,"comment_status":"closed","ping_status":"closed","sticky":false,"template":"","format":"standard","meta":{"_et_pb_use_builder":"off","_et_pb_old_content":"","_et_gb_content_width":"","footnotes":""},"categories":[412,62],"tags":[],"class_list":["post-47094","post","type-post","status-publish","format-standard","has-post-thumbnail","hentry","category-destacado","category-redaccion"],"_links":{"self":[{"href":"https:\/\/gerardoduque.com.mx\/index.php?rest_route=\/wp\/v2\/posts\/47094","targetHints":{"allow":["GET"]}}],"collection":[{"href":"https:\/\/gerardoduque.com.mx\/index.php?rest_route=\/wp\/v2\/posts"}],"about":[{"href":"https:\/\/gerardoduque.com.mx\/index.php?rest_route=\/wp\/v2\/types\/post"}],"author":[{"embeddable":true,"href":"https:\/\/gerardoduque.com.mx\/index.php?rest_route=\/wp\/v2\/users\/4"}],"replies":[{"embeddable":true,"href":"https:\/\/gerardoduque.com.mx\/index.php?rest_route=%2Fwp%2Fv2%2Fcomments&post=47094"}],"version-history":[{"count":1,"href":"https:\/\/gerardoduque.com.mx\/index.php?rest_route=\/wp\/v2\/posts\/47094\/revisions"}],"predecessor-version":[{"id":47096,"href":"https:\/\/gerardoduque.com.mx\/index.php?rest_route=\/wp\/v2\/posts\/47094\/revisions\/47096"}],"wp:featuredmedia":[{"embeddable":true,"href":"https:\/\/gerardoduque.com.mx\/index.php?rest_route=\/wp\/v2\/media\/47095"}],"wp:attachment":[{"href":"https:\/\/gerardoduque.com.mx\/index.php?rest_route=%2Fwp%2Fv2%2Fmedia&parent=47094"}],"wp:term":[{"taxonomy":"category","embeddable":true,"href":"https:\/\/gerardoduque.com.mx\/index.php?rest_route=%2Fwp%2Fv2%2Fcategories&post=47094"},{"taxonomy":"post_tag","embeddable":true,"href":"https:\/\/gerardoduque.com.mx\/index.php?rest_route=%2Fwp%2Fv2%2Ftags&post=47094"}],"curies":[{"name":"wp","href":"https:\/\/api.w.org\/{rel}","templated":true}]}}