{"id":47089,"date":"2026-04-27T19:05:33","date_gmt":"2026-04-28T01:05:33","guid":{"rendered":"https:\/\/gerardoduque.com.mx\/?p=47089"},"modified":"2026-04-27T19:07:56","modified_gmt":"2026-04-28T01:07:56","slug":"se-acabara-el-desorden-en-transporte-canero-en-valles","status":"publish","type":"post","link":"https:\/\/gerardoduque.com.mx\/?p=47089","title":{"rendered":"ACABAR\u00c1N CON EL DESORDEN DEL TRANSPORTE CA\u00d1ERO EN CIUDAD VALLES"},"content":{"rendered":"\n<p>El presidente municipal, David Armando Medina Salazar, dio continuidad a las mesas de trabajo enfocadas en la regulaci\u00f3n del transporte de carga ca\u00f1era, mediante un di\u00e1logo directo con l\u00edderes del sector, asociaciones y representantes de ingenios de la regi\u00f3n.<\/p>\n\n\n\n<p>Durante el encuentro, el edil subray\u00f3 que su administraci\u00f3n mantendr\u00e1 una pol\u00edtica firme basada en el orden y la legalidad en las vialidades, con el objetivo de proteger la integridad de la poblaci\u00f3n. Advirti\u00f3 que no se permitir\u00e1 que intereses particulares pongan en riesgo la seguridad de las familias vallenses.<\/p>\n\n\n\n<p>En la reuni\u00f3n participaron autoridades municipales, estatales y federales, entre ellas el secretario general del Ayuntamiento, el titular de la Guardia Civil Estatal en la regi\u00f3n, el director de Seguridad P\u00fablica y Tr\u00e1nsito Municipal, y el subteniente de la Guardia Nacional, Oliver Gaspar de la Cruz.<\/p>\n\n\n\n<p>Como resultado del di\u00e1logo, se establecieron acuerdos y l\u00edneas de acci\u00f3n orientadas a mejorar el orden en las vialidades, as\u00ed como a fortalecer el cumplimiento de la normatividad en materia de peso, dimensiones y condiciones de seguridad en el transporte.<\/p>\n\n\n\n<p>El alcalde inform\u00f3 que continuar\u00e1n las reuniones de coordinaci\u00f3n con asociaciones ca\u00f1eras y autoridades de distintos niveles de gobierno para consolidar medidas que garanticen un transporte m\u00e1s seguro.<\/p>\n\n\n\n<p>Medina Salazar reconoci\u00f3 la relevancia del sector ca\u00f1ero en la econom\u00eda local, al ser fuente de ingreso para numerosas familias, pero insisti\u00f3 en que el desarrollo econ\u00f3mico debe ir acompa\u00f1ado de responsabilidad social y apego a la ley.<\/p>\n\n\n\n<p>Finalmente, reiter\u00f3 la disposici\u00f3n del Gobierno Municipal para mantener el trabajo conjunto con todos los sectores, con el prop\u00f3sito de fortalecer la seguridad vial y promover una cultura de responsabilidad en beneficio de la poblaci\u00f3n.<\/p>\n","protected":false},"excerpt":{"rendered":"<p>Gobierno municipal advierte que se aplicar\u00e1 la ley sin concesiones<\/p>\n","protected":false},"author":4,"featured_media":47090,"comment_status":"closed","ping_status":"closed","sticky":false,"template":"","format":"standard","meta":{"_et_pb_use_builder":"off","_et_pb_old_content":"","_et_gb_content_width":"","footnotes":""},"categories":[412,62],"tags":[],"class_list":["post-47089","post","type-post","status-publish","format-standard","has-post-thumbnail","hentry","category-destacado","category-redaccion"],"_links":{"self":[{"href":"https:\/\/gerardoduque.com.mx\/index.php?rest_route=\/wp\/v2\/posts\/47089","targetHints":{"allow":["GET"]}}],"collection":[{"href":"https:\/\/gerardoduque.com.mx\/index.php?rest_route=\/wp\/v2\/posts"}],"about":[{"href":"https:\/\/gerardoduque.com.mx\/index.php?rest_route=\/wp\/v2\/types\/post"}],"author":[{"embeddable":true,"href":"https:\/\/gerardoduque.com.mx\/index.php?rest_route=\/wp\/v2\/users\/4"}],"replies":[{"embeddable":true,"href":"https:\/\/gerardoduque.com.mx\/index.php?rest_route=%2Fwp%2Fv2%2Fcomments&post=47089"}],"version-history":[{"count":2,"href":"https:\/\/gerardoduque.com.mx\/index.php?rest_route=\/wp\/v2\/posts\/47089\/revisions"}],"predecessor-version":[{"id":47092,"href":"https:\/\/gerardoduque.com.mx\/index.php?rest_route=\/wp\/v2\/posts\/47089\/revisions\/47092"}],"wp:featuredmedia":[{"embeddable":true,"href":"https:\/\/gerardoduque.com.mx\/index.php?rest_route=\/wp\/v2\/media\/47090"}],"wp:attachment":[{"href":"https:\/\/gerardoduque.com.mx\/index.php?rest_route=%2Fwp%2Fv2%2Fmedia&parent=47089"}],"wp:term":[{"taxonomy":"category","embeddable":true,"href":"https:\/\/gerardoduque.com.mx\/index.php?rest_route=%2Fwp%2Fv2%2Fcategories&post=47089"},{"taxonomy":"post_tag","embeddable":true,"href":"https:\/\/gerardoduque.com.mx\/index.php?rest_route=%2Fwp%2Fv2%2Ftags&post=47089"}],"curies":[{"name":"wp","href":"https:\/\/api.w.org\/{rel}","templated":true}]}}