{"id":47080,"date":"2026-04-27T10:50:00","date_gmt":"2026-04-27T16:50:00","guid":{"rendered":"https:\/\/gerardoduque.com.mx\/?p=47080"},"modified":"2026-04-27T13:41:35","modified_gmt":"2026-04-27T19:41:35","slug":"gallardo-senala-negligencia-de-alcaldes-en-seguridad-publica","status":"publish","type":"post","link":"https:\/\/gerardoduque.com.mx\/?p=47080","title":{"rendered":"GALLARDO SE\u00d1ALA NEGLIGENCIA DE ALCALDES EN SEGURIDAD P\u00daBLICA"},"content":{"rendered":"\n<p>La seguridad p\u00fablica en San Luis Potos\u00ed volvi\u00f3 al centro del debate luego de que el gobernador Ricardo Gallardo Cardona se\u00f1alara directamente a varios ayuntamientos por no cumplir con su responsabilidad en el fortalecimiento de sus polic\u00edas.<\/p>\n\n\n\n<p>De acuerdo con el mandatario, el problema no es solo la violencia, sino la falta de acciones concretas a nivel municipal, especialmente en la depuraci\u00f3n de elementos dentro de las corporaciones.<\/p>\n\n\n\n<p>Gallardo afirm\u00f3 que, pese a los llamados constantes del Gobierno del Estado, algunos alcaldes han ignorado la necesidad de revisar y limpiar sus cuerpos policiacos. Esta omisi\u00f3n, advirti\u00f3, permite que permanezcan elementos con perfiles dudosos, lo que debilita la confianza ciudadana y abre espacio a posibles v\u00ednculos con el crimen organizado.<\/p>\n\n\n\n<p>El gobernador tambi\u00e9n critic\u00f3 que varios municipios opten por dejar la seguridad en manos del Estado o de fuerzas federales, en lugar de fortalecer sus propias capacidades. Se\u00f1al\u00f3 que esta pr\u00e1ctica solo traslada el problema sin resolverlo de fondo.<\/p>\n\n\n\n<p>Seg\u00fan la postura estatal, esta falta de compromiso genera un modelo reactivo, donde las autoridades estatales y federales terminan interviniendo no solo ante delitos, sino tambi\u00e9n para compensar fallas estructurales en las polic\u00edas municipales.<\/p>\n\n\n\n<p>El se\u00f1alamiento reaviva el debate sobre la coordinaci\u00f3n en materia de seguridad. Mientras no exista voluntad real en los municipios para asumir su responsabilidad, persiste un esquema desigual que deja a varias zonas en mayor riesgo frente a la delincuencia.<\/p>\n","protected":false},"excerpt":{"rendered":"<p>Acusa falta de depuraci\u00f3n policial y advierte riesgo de infiltraci\u00f3n del crimen<\/p>\n","protected":false},"author":4,"featured_media":47083,"comment_status":"closed","ping_status":"closed","sticky":false,"template":"","format":"standard","meta":{"_et_pb_use_builder":"off","_et_pb_old_content":"","_et_gb_content_width":"","footnotes":""},"categories":[412,62],"tags":[],"class_list":["post-47080","post","type-post","status-publish","format-standard","has-post-thumbnail","hentry","category-destacado","category-redaccion"],"_links":{"self":[{"href":"https:\/\/gerardoduque.com.mx\/index.php?rest_route=\/wp\/v2\/posts\/47080","targetHints":{"allow":["GET"]}}],"collection":[{"href":"https:\/\/gerardoduque.com.mx\/index.php?rest_route=\/wp\/v2\/posts"}],"about":[{"href":"https:\/\/gerardoduque.com.mx\/index.php?rest_route=\/wp\/v2\/types\/post"}],"author":[{"embeddable":true,"href":"https:\/\/gerardoduque.com.mx\/index.php?rest_route=\/wp\/v2\/users\/4"}],"replies":[{"embeddable":true,"href":"https:\/\/gerardoduque.com.mx\/index.php?rest_route=%2Fwp%2Fv2%2Fcomments&post=47080"}],"version-history":[{"count":1,"href":"https:\/\/gerardoduque.com.mx\/index.php?rest_route=\/wp\/v2\/posts\/47080\/revisions"}],"predecessor-version":[{"id":47082,"href":"https:\/\/gerardoduque.com.mx\/index.php?rest_route=\/wp\/v2\/posts\/47080\/revisions\/47082"}],"wp:featuredmedia":[{"embeddable":true,"href":"https:\/\/gerardoduque.com.mx\/index.php?rest_route=\/wp\/v2\/media\/47083"}],"wp:attachment":[{"href":"https:\/\/gerardoduque.com.mx\/index.php?rest_route=%2Fwp%2Fv2%2Fmedia&parent=47080"}],"wp:term":[{"taxonomy":"category","embeddable":true,"href":"https:\/\/gerardoduque.com.mx\/index.php?rest_route=%2Fwp%2Fv2%2Fcategories&post=47080"},{"taxonomy":"post_tag","embeddable":true,"href":"https:\/\/gerardoduque.com.mx\/index.php?rest_route=%2Fwp%2Fv2%2Ftags&post=47080"}],"curies":[{"name":"wp","href":"https:\/\/api.w.org\/{rel}","templated":true}]}}