{"id":47067,"date":"2026-04-25T22:15:02","date_gmt":"2026-04-26T04:15:02","guid":{"rendered":"https:\/\/gerardoduque.com.mx\/?p=47067"},"modified":"2026-04-25T22:15:09","modified_gmt":"2026-04-26T04:15:09","slug":"reportan-mas-de-2-mil-atenciones-en-salud-mental-infantil-en-el-primer-trimestre","status":"publish","type":"post","link":"https:\/\/gerardoduque.com.mx\/?p=47067","title":{"rendered":"REPORTAN M\u00c1S DE 2 MIL ATENCIONES EN SALUD MENTAL INFANTIL EN EL PRIMER TRIMESTRE"},"content":{"rendered":"\n<p>El Instituto Temazcalli inform\u00f3 que mantiene programas de atenci\u00f3n en salud mental dirigidos a ni\u00f1as, ni\u00f1os y adolescentes de entre 2 y 17 a\u00f1os, as\u00ed como estrategias preventivas para distintos sectores de la poblaci\u00f3n.<\/p>\n\n\n\n<p>De enero a marzo se registraron 2 mil 273 atenciones en salud mental infantil y del adolescente, adem\u00e1s de mil 264 servicios especializados en trastornos del espectro autista. La atenci\u00f3n se brinda mediante un equipo multidisciplinario integrado por especialistas en psicolog\u00eda, psiquiatr\u00eda, trabajo social y nutrici\u00f3n.<\/p>\n\n\n\n<p>El instituto indic\u00f3 que entre los padecimientos atendidos se encuentran alteraciones de conducta, trastornos ansioso-depresivos y d\u00e9ficit de atenci\u00f3n con o sin hiperactividad. Los servicios se ofrecen con cuotas subsidiadas de hasta 90 por ciento.<\/p>\n\n\n\n<p>De manera paralela, se report\u00f3 la atenci\u00f3n a m\u00e1s de 20 mil personas a trav\u00e9s de jornadas informativas sobre depresi\u00f3n, programas de autorregulaci\u00f3n emocional en escuelas, apoyo a personas refugiadas y acompa\u00f1amiento en centros de reinserci\u00f3n social.<\/p>\n","protected":false},"excerpt":{"rendered":"<p>El Instituto Temazcalli report\u00f3 m\u00e1s de 2 mil atenciones en salud mental infantil durante el primer trimestre del a\u00f1o. Tambi\u00e9n se realizaron acciones preventivas dirigidas a distintos sectores.<\/p>\n","protected":false},"author":4,"featured_media":47068,"comment_status":"closed","ping_status":"closed","sticky":false,"template":"","format":"standard","meta":{"_et_pb_use_builder":"off","_et_pb_old_content":"","_et_gb_content_width":"","footnotes":""},"categories":[62,280],"tags":[],"class_list":["post-47067","post","type-post","status-publish","format-standard","has-post-thumbnail","hentry","category-redaccion","category-gob-slp"],"_links":{"self":[{"href":"https:\/\/gerardoduque.com.mx\/index.php?rest_route=\/wp\/v2\/posts\/47067","targetHints":{"allow":["GET"]}}],"collection":[{"href":"https:\/\/gerardoduque.com.mx\/index.php?rest_route=\/wp\/v2\/posts"}],"about":[{"href":"https:\/\/gerardoduque.com.mx\/index.php?rest_route=\/wp\/v2\/types\/post"}],"author":[{"embeddable":true,"href":"https:\/\/gerardoduque.com.mx\/index.php?rest_route=\/wp\/v2\/users\/4"}],"replies":[{"embeddable":true,"href":"https:\/\/gerardoduque.com.mx\/index.php?rest_route=%2Fwp%2Fv2%2Fcomments&post=47067"}],"version-history":[{"count":1,"href":"https:\/\/gerardoduque.com.mx\/index.php?rest_route=\/wp\/v2\/posts\/47067\/revisions"}],"predecessor-version":[{"id":47069,"href":"https:\/\/gerardoduque.com.mx\/index.php?rest_route=\/wp\/v2\/posts\/47067\/revisions\/47069"}],"wp:featuredmedia":[{"embeddable":true,"href":"https:\/\/gerardoduque.com.mx\/index.php?rest_route=\/wp\/v2\/media\/47068"}],"wp:attachment":[{"href":"https:\/\/gerardoduque.com.mx\/index.php?rest_route=%2Fwp%2Fv2%2Fmedia&parent=47067"}],"wp:term":[{"taxonomy":"category","embeddable":true,"href":"https:\/\/gerardoduque.com.mx\/index.php?rest_route=%2Fwp%2Fv2%2Fcategories&post=47067"},{"taxonomy":"post_tag","embeddable":true,"href":"https:\/\/gerardoduque.com.mx\/index.php?rest_route=%2Fwp%2Fv2%2Ftags&post=47067"}],"curies":[{"name":"wp","href":"https:\/\/api.w.org\/{rel}","templated":true}]}}