{"id":47061,"date":"2026-04-25T22:10:18","date_gmt":"2026-04-26T04:10:18","guid":{"rendered":"https:\/\/gerardoduque.com.mx\/?p=47061"},"modified":"2026-04-25T22:10:23","modified_gmt":"2026-04-26T04:10:23","slug":"realizan-concierto-de-saxofon-y-clarinete-en-el-instituto-potosino-de-bellas-artes","status":"publish","type":"post","link":"https:\/\/gerardoduque.com.mx\/?p=47061","title":{"rendered":"REALIZAN CONCIERTO DE SAXOF\u00d3N Y CLARINETE EN EL INSTITUTO POTOSINO DE BELLAS ARTES"},"content":{"rendered":"\n<p>La Secretar\u00eda de Cultura inform\u00f3 que se llev\u00f3 a cabo un concierto de la Banda de M\u00fasica del Gobierno del Estado como parte del Festival Potosino de Saxof\u00f3n y Clarinete, en coordinaci\u00f3n con la Escuela Estatal de M\u00fasica del Sistema Educativo Estatal Regular.<\/p>\n\n\n\n<p>La presentaci\u00f3n se realiz\u00f3 en el Centro de Difusi\u00f3n Cultural del Instituto Potosino de Bellas Artes, bajo la direcci\u00f3n de Francisco Villanueva, con un programa integrado por obras como la Obertura Festiva de Dmitri Shostak\u00f3vich y Fantas\u00eda para clarinete de G. Meister, con la participaci\u00f3n del solista Juan Francisco Pascual Aquino.<\/p>\n\n\n\n<p>El repertorio incluy\u00f3 piezas como Peque\u00f1a Czarda de Pedro Iturralde, el Concierto para Clarinete No. 1 de Carl Maria von Weber, Sholem Alekhem, Rov Feidman de B\u00e9la Kov\u00e1cs y Fantas\u00eda para saxof\u00f3n de Claude T. Smith.<\/p>\n\n\n\n<p>El programa concluy\u00f3 con la interpretaci\u00f3n de El Cumbanchero, de Rafael Hern\u00e1ndez, como parte de las actividades orientadas a la difusi\u00f3n musical y la oferta cultural en espacios p\u00fablicos.<\/p>\n","protected":false},"excerpt":{"rendered":"<p>Se realiz\u00f3 un concierto de saxof\u00f3n y clarinete en el marco de un festival musical, con participaci\u00f3n de la Banda de M\u00fasica del Gobierno del Estado. El evento tuvo lugar en el Instituto Potosino de Bellas Artes.<\/p>\n","protected":false},"author":4,"featured_media":47062,"comment_status":"closed","ping_status":"closed","sticky":false,"template":"","format":"standard","meta":{"_et_pb_use_builder":"off","_et_pb_old_content":"","_et_gb_content_width":"","footnotes":""},"categories":[62,280],"tags":[],"class_list":["post-47061","post","type-post","status-publish","format-standard","has-post-thumbnail","hentry","category-redaccion","category-gob-slp"],"_links":{"self":[{"href":"https:\/\/gerardoduque.com.mx\/index.php?rest_route=\/wp\/v2\/posts\/47061","targetHints":{"allow":["GET"]}}],"collection":[{"href":"https:\/\/gerardoduque.com.mx\/index.php?rest_route=\/wp\/v2\/posts"}],"about":[{"href":"https:\/\/gerardoduque.com.mx\/index.php?rest_route=\/wp\/v2\/types\/post"}],"author":[{"embeddable":true,"href":"https:\/\/gerardoduque.com.mx\/index.php?rest_route=\/wp\/v2\/users\/4"}],"replies":[{"embeddable":true,"href":"https:\/\/gerardoduque.com.mx\/index.php?rest_route=%2Fwp%2Fv2%2Fcomments&post=47061"}],"version-history":[{"count":1,"href":"https:\/\/gerardoduque.com.mx\/index.php?rest_route=\/wp\/v2\/posts\/47061\/revisions"}],"predecessor-version":[{"id":47063,"href":"https:\/\/gerardoduque.com.mx\/index.php?rest_route=\/wp\/v2\/posts\/47061\/revisions\/47063"}],"wp:featuredmedia":[{"embeddable":true,"href":"https:\/\/gerardoduque.com.mx\/index.php?rest_route=\/wp\/v2\/media\/47062"}],"wp:attachment":[{"href":"https:\/\/gerardoduque.com.mx\/index.php?rest_route=%2Fwp%2Fv2%2Fmedia&parent=47061"}],"wp:term":[{"taxonomy":"category","embeddable":true,"href":"https:\/\/gerardoduque.com.mx\/index.php?rest_route=%2Fwp%2Fv2%2Fcategories&post=47061"},{"taxonomy":"post_tag","embeddable":true,"href":"https:\/\/gerardoduque.com.mx\/index.php?rest_route=%2Fwp%2Fv2%2Ftags&post=47061"}],"curies":[{"name":"wp","href":"https:\/\/api.w.org\/{rel}","templated":true}]}}