{"id":45653,"date":"2026-03-19T07:32:59","date_gmt":"2026-03-19T13:32:59","guid":{"rendered":"https:\/\/gerardoduque.com.mx\/?p=45653"},"modified":"2026-03-21T07:35:08","modified_gmt":"2026-03-21T13:35:08","slug":"realizan-ritual-tradicional-por-el-inicio-de-la-primavera-en-los-sabinos-ciudad-valles","status":"publish","type":"post","link":"https:\/\/gerardoduque.com.mx\/?p=45653","title":{"rendered":"REALIZAN RITUAL TRADICIONAL POR EL INICIO DE LA PRIMAVERA EN LOS SABINOS, CIUDAD VALLES"},"content":{"rendered":"\n<p>En la comunidad Los Sabinos, en Ciudad Valles, se llev\u00f3 a cabo un ritual de agradecimiento a la Madre Tierra con motivo del inicio de la primavera, organizado por la Unidad de Atenci\u00f3n a Pueblos y Comunidades Ind\u00edgenas.<\/p>\n\n\n\n<p>La ceremonia incluy\u00f3 la participaci\u00f3n de m\u00e9dicos tradicionales y habitantes de la regi\u00f3n, quienes realizaron ofrendas dirigidas al entorno natural y a los cuatro puntos cardinales, como parte de pr\u00e1cticas ancestrales. Durante el acto se colocaron alimentos tradicionales como bolim, atole y aguardiente, as\u00ed como velas que representan los meses del a\u00f1o.<\/p>\n\n\n\n<p>Como parte de las actividades, se efectu\u00f3 una ofrenda adicional en una cueva de la comunidad ecotur\u00edstica, a aproximadamente 200 metros de profundidad. El ritual coincidi\u00f3 con el inicio de la primavera en el hemisferio norte, registrado a las 8:45 horas.<\/p>\n\n\n\n<p>De acuerdo con informaci\u00f3n de las autoridades municipales, el evento se desarroll\u00f3 con la participaci\u00f3n de representantes comunitarios y forma parte de las actividades culturales que se realizan en la regi\u00f3n para preservar tradiciones de los pueblos originarios.<\/p>\n","protected":false},"excerpt":{"rendered":"<p>Se realiz\u00f3 un ritual tradicional en la comunidad Los Sabinos para conmemorar el inicio de la primavera, con participaci\u00f3n de representantes comunitarios y autoridades municipales.<\/p>\n","protected":false},"author":4,"featured_media":45654,"comment_status":"closed","ping_status":"closed","sticky":false,"template":"","format":"standard","meta":{"_et_pb_use_builder":"off","_et_pb_old_content":"","_et_gb_content_width":"","footnotes":""},"categories":[62],"tags":[],"class_list":["post-45653","post","type-post","status-publish","format-standard","has-post-thumbnail","hentry","category-redaccion"],"_links":{"self":[{"href":"https:\/\/gerardoduque.com.mx\/index.php?rest_route=\/wp\/v2\/posts\/45653","targetHints":{"allow":["GET"]}}],"collection":[{"href":"https:\/\/gerardoduque.com.mx\/index.php?rest_route=\/wp\/v2\/posts"}],"about":[{"href":"https:\/\/gerardoduque.com.mx\/index.php?rest_route=\/wp\/v2\/types\/post"}],"author":[{"embeddable":true,"href":"https:\/\/gerardoduque.com.mx\/index.php?rest_route=\/wp\/v2\/users\/4"}],"replies":[{"embeddable":true,"href":"https:\/\/gerardoduque.com.mx\/index.php?rest_route=%2Fwp%2Fv2%2Fcomments&post=45653"}],"version-history":[{"count":1,"href":"https:\/\/gerardoduque.com.mx\/index.php?rest_route=\/wp\/v2\/posts\/45653\/revisions"}],"predecessor-version":[{"id":45655,"href":"https:\/\/gerardoduque.com.mx\/index.php?rest_route=\/wp\/v2\/posts\/45653\/revisions\/45655"}],"wp:featuredmedia":[{"embeddable":true,"href":"https:\/\/gerardoduque.com.mx\/index.php?rest_route=\/wp\/v2\/media\/45654"}],"wp:attachment":[{"href":"https:\/\/gerardoduque.com.mx\/index.php?rest_route=%2Fwp%2Fv2%2Fmedia&parent=45653"}],"wp:term":[{"taxonomy":"category","embeddable":true,"href":"https:\/\/gerardoduque.com.mx\/index.php?rest_route=%2Fwp%2Fv2%2Fcategories&post=45653"},{"taxonomy":"post_tag","embeddable":true,"href":"https:\/\/gerardoduque.com.mx\/index.php?rest_route=%2Fwp%2Fv2%2Ftags&post=45653"}],"curies":[{"name":"wp","href":"https:\/\/api.w.org\/{rel}","templated":true}]}}