{"id":45650,"date":"2026-03-19T07:28:57","date_gmt":"2026-03-19T13:28:57","guid":{"rendered":"https:\/\/gerardoduque.com.mx\/?p=45650"},"modified":"2026-03-21T07:32:22","modified_gmt":"2026-03-21T13:32:22","slug":"realizan-reunion-en-ciudad-valles-ante-incremento-de-incendios-forestales","status":"publish","type":"post","link":"https:\/\/gerardoduque.com.mx\/?p=45650","title":{"rendered":"REALIZAN REUNI\u00d3N EN CIUDAD VALLES ANTE INCREMENTO DE INCENDIOS FORESTALES"},"content":{"rendered":"\n<p>Autoridades municipales, estatales y federales sostuvieron una reuni\u00f3n de trabajo en Ciudad Valles para revisar acciones de prevenci\u00f3n y atenci\u00f3n de incendios, ante el incremento registrado en la entidad. El encuentro se llev\u00f3 a cabo este viernes en el Sal\u00f3n de Cabildo.<\/p>\n\n\n\n<p>Durante la sesi\u00f3n, el secretario general del Ayuntamiento, Luis \u00c1ngel Contreras Malibr\u00e1n, se\u00f1al\u00f3 que las acciones se enfocan en la coordinaci\u00f3n entre niveles de gobierno ante el inicio de la temporada de sequ\u00eda y el aumento del riesgo de incendios forestales.<\/p>\n\n\n\n<p>La representante de la Comisi\u00f3n Nacional Forestal en el estado, Monserrat Ram\u00edrez, present\u00f3 un diagn\u00f3stico en el que indic\u00f3 que, con corte al 9 de marzo, se han registrado 53 incendios forestales que han afectado m\u00e1s de 20 mil hect\u00e1reas, cifra superior a las aproximadamente 16 mil hect\u00e1reas reportadas en todo el a\u00f1o anterior.<\/p>\n\n\n\n<p>Explic\u00f3 que, aunque el n\u00famero de incendios es ligeramente menor en comparaci\u00f3n con otros a\u00f1os, la superficie afectada es mayor, lo que coloca a la entidad entre las primeras a nivel nacional. A\u00f1adi\u00f3 que Ciudad Valles est\u00e1 considerada como zona prioritaria por sus condiciones clim\u00e1ticas, tipo de vegetaci\u00f3n y actividades productivas.<\/p>\n\n\n\n<p>Durante la reuni\u00f3n tambi\u00e9n se expuso el esquema de atenci\u00f3n a incendios, que inicia con la intervenci\u00f3n de los propietarios de predios, seguido por autoridades municipales a trav\u00e9s de Protecci\u00f3n Civil y, en caso necesario, con la participaci\u00f3n de instancias estatales y federales como la Comisi\u00f3n Nacional Forestal, Protecci\u00f3n Civil Nacional y la Secretar\u00eda de la Defensa Nacional.<\/p>\n","protected":false},"excerpt":{"rendered":"<p>Se realiz\u00f3 una reuni\u00f3n interinstitucional en Ciudad Valles ante el aumento de incendios forestales y superficie afectada en el estado.<\/p>\n","protected":false},"author":4,"featured_media":45651,"comment_status":"closed","ping_status":"closed","sticky":false,"template":"","format":"standard","meta":{"_et_pb_use_builder":"off","_et_pb_old_content":"","_et_gb_content_width":"","footnotes":""},"categories":[62],"tags":[],"class_list":["post-45650","post","type-post","status-publish","format-standard","has-post-thumbnail","hentry","category-redaccion"],"_links":{"self":[{"href":"https:\/\/gerardoduque.com.mx\/index.php?rest_route=\/wp\/v2\/posts\/45650","targetHints":{"allow":["GET"]}}],"collection":[{"href":"https:\/\/gerardoduque.com.mx\/index.php?rest_route=\/wp\/v2\/posts"}],"about":[{"href":"https:\/\/gerardoduque.com.mx\/index.php?rest_route=\/wp\/v2\/types\/post"}],"author":[{"embeddable":true,"href":"https:\/\/gerardoduque.com.mx\/index.php?rest_route=\/wp\/v2\/users\/4"}],"replies":[{"embeddable":true,"href":"https:\/\/gerardoduque.com.mx\/index.php?rest_route=%2Fwp%2Fv2%2Fcomments&post=45650"}],"version-history":[{"count":1,"href":"https:\/\/gerardoduque.com.mx\/index.php?rest_route=\/wp\/v2\/posts\/45650\/revisions"}],"predecessor-version":[{"id":45652,"href":"https:\/\/gerardoduque.com.mx\/index.php?rest_route=\/wp\/v2\/posts\/45650\/revisions\/45652"}],"wp:featuredmedia":[{"embeddable":true,"href":"https:\/\/gerardoduque.com.mx\/index.php?rest_route=\/wp\/v2\/media\/45651"}],"wp:attachment":[{"href":"https:\/\/gerardoduque.com.mx\/index.php?rest_route=%2Fwp%2Fv2%2Fmedia&parent=45650"}],"wp:term":[{"taxonomy":"category","embeddable":true,"href":"https:\/\/gerardoduque.com.mx\/index.php?rest_route=%2Fwp%2Fv2%2Fcategories&post=45650"},{"taxonomy":"post_tag","embeddable":true,"href":"https:\/\/gerardoduque.com.mx\/index.php?rest_route=%2Fwp%2Fv2%2Ftags&post=45650"}],"curies":[{"name":"wp","href":"https:\/\/api.w.org\/{rel}","templated":true}]}}