{"id":45641,"date":"2026-03-19T07:14:00","date_gmt":"2026-03-19T13:14:00","guid":{"rendered":"https:\/\/gerardoduque.com.mx\/?p=45641"},"modified":"2026-03-21T07:18:43","modified_gmt":"2026-03-21T13:18:43","slug":"realizan-brigada-de-servicios-municipales-en-infonavit-2-de-ciudad-valles","status":"publish","type":"post","link":"https:\/\/gerardoduque.com.mx\/?p=45641","title":{"rendered":"REALIZAN BRIGADA DE SERVICIOS MUNICIPALES EN INFONAVIT 2 DE CIUDAD VALLES"},"content":{"rendered":"\n<p>El Ayuntamiento de Ciudad Valles, en coordinaci\u00f3n con el Sistema Municipal DIF, llev\u00f3 a cabo una brigada multidisciplinaria en el fraccionamiento Infonavit 2, como parte de un programa de atenci\u00f3n directa en colonias. La actividad reuni\u00f3 a diversas \u00e1reas municipales para la prestaci\u00f3n de servicios y orientaci\u00f3n a la poblaci\u00f3n.<\/p>\n\n\n\n<p>El secretario general del Ayuntamiento, se\u00f1al\u00f3 que estas jornadas forman parte de un esquema de atenci\u00f3n territorial para acercar tr\u00e1mites y servicios. Indic\u00f3 que la estrategia contempla la participaci\u00f3n de distintas dependencias municipales en coordinaci\u00f3n con el DIF.<\/p>\n\n\n\n<p>Durante la jornada participaron \u00e1reas como Registro Civil, Atenci\u00f3n al Adulto Mayor, Instituto Municipal de la Vivienda, Instancia Municipal de la Mujer, Defensor\u00eda Social, Diversidad e Igualdad Social y Atenci\u00f3n a la Juventud. Tambi\u00e9n se integraron servicios del Centro de Rehabilitaci\u00f3n Integral y de la Procuradur\u00eda Municipal de Protecci\u00f3n de Ni\u00f1as, Ni\u00f1os y Adolescentes.<\/p>\n\n\n\n<p>Entre los servicios ofrecidos se incluyeron consultas m\u00e9dicas, asesor\u00eda jur\u00eddica, orientaci\u00f3n en tr\u00e1mites, entrega de apoyos funcionales, cortes de cabello, donaci\u00f3n de ropa y atenci\u00f3n relacionada con terapias de rehabilitaci\u00f3n. De acuerdo con autoridades municipales, estas actividades forman parte de un programa continuo, en espera de nuevas jornadas en otros sectores del municipio.<\/p>\n","protected":false},"excerpt":{"rendered":"<p>Se realiz\u00f3 una jornada de brigadas multidisciplinarias en el fraccionamiento Infonavit 2, con participaci\u00f3n de dependencias municipales y del DIF.<\/p>\n","protected":false},"author":4,"featured_media":45642,"comment_status":"closed","ping_status":"closed","sticky":false,"template":"","format":"standard","meta":{"_et_pb_use_builder":"off","_et_pb_old_content":"","_et_gb_content_width":"","footnotes":""},"categories":[62],"tags":[],"class_list":["post-45641","post","type-post","status-publish","format-standard","has-post-thumbnail","hentry","category-redaccion"],"_links":{"self":[{"href":"https:\/\/gerardoduque.com.mx\/index.php?rest_route=\/wp\/v2\/posts\/45641","targetHints":{"allow":["GET"]}}],"collection":[{"href":"https:\/\/gerardoduque.com.mx\/index.php?rest_route=\/wp\/v2\/posts"}],"about":[{"href":"https:\/\/gerardoduque.com.mx\/index.php?rest_route=\/wp\/v2\/types\/post"}],"author":[{"embeddable":true,"href":"https:\/\/gerardoduque.com.mx\/index.php?rest_route=\/wp\/v2\/users\/4"}],"replies":[{"embeddable":true,"href":"https:\/\/gerardoduque.com.mx\/index.php?rest_route=%2Fwp%2Fv2%2Fcomments&post=45641"}],"version-history":[{"count":1,"href":"https:\/\/gerardoduque.com.mx\/index.php?rest_route=\/wp\/v2\/posts\/45641\/revisions"}],"predecessor-version":[{"id":45643,"href":"https:\/\/gerardoduque.com.mx\/index.php?rest_route=\/wp\/v2\/posts\/45641\/revisions\/45643"}],"wp:featuredmedia":[{"embeddable":true,"href":"https:\/\/gerardoduque.com.mx\/index.php?rest_route=\/wp\/v2\/media\/45642"}],"wp:attachment":[{"href":"https:\/\/gerardoduque.com.mx\/index.php?rest_route=%2Fwp%2Fv2%2Fmedia&parent=45641"}],"wp:term":[{"taxonomy":"category","embeddable":true,"href":"https:\/\/gerardoduque.com.mx\/index.php?rest_route=%2Fwp%2Fv2%2Fcategories&post=45641"},{"taxonomy":"post_tag","embeddable":true,"href":"https:\/\/gerardoduque.com.mx\/index.php?rest_route=%2Fwp%2Fv2%2Ftags&post=45641"}],"curies":[{"name":"wp","href":"https:\/\/api.w.org\/{rel}","templated":true}]}}