{"id":45638,"date":"2026-03-19T00:18:31","date_gmt":"2026-03-19T06:18:31","guid":{"rendered":"https:\/\/gerardoduque.com.mx\/?p=45638"},"modified":"2026-03-21T00:22:57","modified_gmt":"2026-03-21T06:22:57","slug":"realizan-reuniones-institucionales-sobre-el-manejo-de-incendios-en-la-capital-potosina","status":"publish","type":"post","link":"https:\/\/gerardoduque.com.mx\/?p=45638","title":{"rendered":"REALIZAN REUNIONES INSTITUCIONALES SOBRE EL MANEJO DE INCENDIOS EN LA CAPITAL POTOSINA"},"content":{"rendered":"\n<p>Durante la semana, el presidente municipal de Ciudad Valles, llev\u00f3 a cabo una gira de trabajo en la capital del estado, donde sostuvo encuentros con autoridades estatales para revisar temas vinculados con servicios de justicia, seguridad p\u00fablica y atenci\u00f3n a incendios.<\/p>\n\n\n\n<p>Como parte de la agenda, se reuni\u00f3 con la magistrada presidenta del Supremo Tribunal de Justicia del Estado de San Luis Potos\u00ed, Lourdes Anah\u00ed Zaraz\u00faa Mart\u00ednez, con quien abord\u00f3 acciones relacionadas con la atenci\u00f3n en materia de justicia en la regi\u00f3n y la operaci\u00f3n de servicios institucionales.<\/p>\n\n\n\n<p>Tambi\u00e9n sostuvo un encuentro con el secretario general de Gobierno, en el que se revisaron proyectos en curso en el municipio y mecanismos de coordinaci\u00f3n entre instancias estatales y municipales.<\/p>\n\n\n\n<p>En la misma gira, particip\u00f3 en una reuni\u00f3n de coordinaci\u00f3n sobre estrategias para el manejo del fuego en zonas afectadas, enfocada en acciones preventivas ante la temporada de incendios, as\u00ed como en la Segunda Sesi\u00f3n Ordinaria del Consejo Estatal de Seguridad P\u00fablica de San Luis Potos\u00ed, encabezada por el gobernador Ricardo Gallardo Cardona, donde se abordaron medidas de prevenci\u00f3n y combate a la delincuencia.<\/p>\n","protected":false},"excerpt":{"rendered":"<p>Se realizaron reuniones y participaciones institucionales en la capital del estado para dar seguimiento a temas de justicia, seguridad e incendios forestales relacionados con Ciudad Valles.<\/p>\n","protected":false},"author":4,"featured_media":45639,"comment_status":"closed","ping_status":"closed","sticky":false,"template":"","format":"standard","meta":{"_et_pb_use_builder":"off","_et_pb_old_content":"","_et_gb_content_width":"","footnotes":""},"categories":[62],"tags":[],"class_list":["post-45638","post","type-post","status-publish","format-standard","has-post-thumbnail","hentry","category-redaccion"],"_links":{"self":[{"href":"https:\/\/gerardoduque.com.mx\/index.php?rest_route=\/wp\/v2\/posts\/45638","targetHints":{"allow":["GET"]}}],"collection":[{"href":"https:\/\/gerardoduque.com.mx\/index.php?rest_route=\/wp\/v2\/posts"}],"about":[{"href":"https:\/\/gerardoduque.com.mx\/index.php?rest_route=\/wp\/v2\/types\/post"}],"author":[{"embeddable":true,"href":"https:\/\/gerardoduque.com.mx\/index.php?rest_route=\/wp\/v2\/users\/4"}],"replies":[{"embeddable":true,"href":"https:\/\/gerardoduque.com.mx\/index.php?rest_route=%2Fwp%2Fv2%2Fcomments&post=45638"}],"version-history":[{"count":1,"href":"https:\/\/gerardoduque.com.mx\/index.php?rest_route=\/wp\/v2\/posts\/45638\/revisions"}],"predecessor-version":[{"id":45640,"href":"https:\/\/gerardoduque.com.mx\/index.php?rest_route=\/wp\/v2\/posts\/45638\/revisions\/45640"}],"wp:featuredmedia":[{"embeddable":true,"href":"https:\/\/gerardoduque.com.mx\/index.php?rest_route=\/wp\/v2\/media\/45639"}],"wp:attachment":[{"href":"https:\/\/gerardoduque.com.mx\/index.php?rest_route=%2Fwp%2Fv2%2Fmedia&parent=45638"}],"wp:term":[{"taxonomy":"category","embeddable":true,"href":"https:\/\/gerardoduque.com.mx\/index.php?rest_route=%2Fwp%2Fv2%2Fcategories&post=45638"},{"taxonomy":"post_tag","embeddable":true,"href":"https:\/\/gerardoduque.com.mx\/index.php?rest_route=%2Fwp%2Fv2%2Ftags&post=45638"}],"curies":[{"name":"wp","href":"https:\/\/api.w.org\/{rel}","templated":true}]}}