{"id":45486,"date":"2026-03-17T23:41:11","date_gmt":"2026-03-18T05:41:11","guid":{"rendered":"https:\/\/gerardoduque.com.mx\/?p=45486"},"modified":"2026-03-17T23:41:16","modified_gmt":"2026-03-18T05:41:16","slug":"programan-ceremonia-por-el-equinoccio-de-primavera-en-los-sabinos","status":"publish","type":"post","link":"https:\/\/gerardoduque.com.mx\/?p=45486","title":{"rendered":"PROGRAMAN CEREMONIA POR EL EQUINOCCIO DE PRIMAVERA EN LOS SABINOS"},"content":{"rendered":"\n<p>En el marco del inicio de la primavera, el Gobierno Municipal, en coordinaci\u00f3n con la Unidad de Atenci\u00f3n a Pueblos y Comunidades Ind\u00edgenas, refrenda su compromiso con la preservaci\u00f3n de las tradiciones y el fortalecimiento de la identidad cultural de las comunidades.<\/p>\n\n\n\n<p>Como parte de estas acciones, el pr\u00f3ximo viernes 20 de marzo, a las 8:00 de la ma\u00f1ana, se llevar\u00e1 a cabo la celebraci\u00f3n del Equinoccio de Primavera en el ejido Los Sabinos n\u00famero 2, evento organizado en coordinaci\u00f3n con autoridades comunitarias y representantes de grupos \u00e9tnicos.<\/p>\n\n\n\n<p>Esta actividad tiene como prop\u00f3sito mantener vivas las costumbres ancestrales, donde el equinoccio representa una nueva etapa de vida y renovaci\u00f3n para todos los seres vivos.<\/p>\n\n\n\n<p>La Coordinadora Municipal de la Unidad de Atenci\u00f3n a Pueblos Ind\u00edgenas, expres\u00f3 que durante la jornada se realizar\u00e1 un ritual tradicional y de ofrendas, como parte de las pr\u00e1cticas que han sido transmitidas de generaci\u00f3n en generaci\u00f3n.<\/p>\n\n\n\n<p>El Gobierno Municipal, destaca la importancia de respaldar este tipo de eventos, que fortalecen el sentido de pertenencia y promueven el respeto por las ra\u00edces culturales de la regi\u00f3n.<\/p>\n\n\n\n<p>La invitaci\u00f3n es abierta al p\u00fablico en general para que asistan y formen parte de esta significativa ceremonia, que adem\u00e1s de promover la cultura, fomenta la convivencia y el reconocimiento de nuestras tradiciones.<\/p>\n","protected":false},"excerpt":{"rendered":"<p>Se realizar\u00e1 una ceremonia por el equinoccio de primavera el 20 de marzo en el ejido Los Sabinos n\u00famero 2, con participaci\u00f3n de comunidades ind\u00edgenas.<\/p>\n","protected":false},"author":4,"featured_media":45488,"comment_status":"closed","ping_status":"closed","sticky":false,"template":"","format":"standard","meta":{"_et_pb_use_builder":"off","_et_pb_old_content":"","_et_gb_content_width":"","footnotes":""},"categories":[62],"tags":[],"class_list":["post-45486","post","type-post","status-publish","format-standard","has-post-thumbnail","hentry","category-redaccion"],"_links":{"self":[{"href":"https:\/\/gerardoduque.com.mx\/index.php?rest_route=\/wp\/v2\/posts\/45486","targetHints":{"allow":["GET"]}}],"collection":[{"href":"https:\/\/gerardoduque.com.mx\/index.php?rest_route=\/wp\/v2\/posts"}],"about":[{"href":"https:\/\/gerardoduque.com.mx\/index.php?rest_route=\/wp\/v2\/types\/post"}],"author":[{"embeddable":true,"href":"https:\/\/gerardoduque.com.mx\/index.php?rest_route=\/wp\/v2\/users\/4"}],"replies":[{"embeddable":true,"href":"https:\/\/gerardoduque.com.mx\/index.php?rest_route=%2Fwp%2Fv2%2Fcomments&post=45486"}],"version-history":[{"count":1,"href":"https:\/\/gerardoduque.com.mx\/index.php?rest_route=\/wp\/v2\/posts\/45486\/revisions"}],"predecessor-version":[{"id":45489,"href":"https:\/\/gerardoduque.com.mx\/index.php?rest_route=\/wp\/v2\/posts\/45486\/revisions\/45489"}],"wp:featuredmedia":[{"embeddable":true,"href":"https:\/\/gerardoduque.com.mx\/index.php?rest_route=\/wp\/v2\/media\/45488"}],"wp:attachment":[{"href":"https:\/\/gerardoduque.com.mx\/index.php?rest_route=%2Fwp%2Fv2%2Fmedia&parent=45486"}],"wp:term":[{"taxonomy":"category","embeddable":true,"href":"https:\/\/gerardoduque.com.mx\/index.php?rest_route=%2Fwp%2Fv2%2Fcategories&post=45486"},{"taxonomy":"post_tag","embeddable":true,"href":"https:\/\/gerardoduque.com.mx\/index.php?rest_route=%2Fwp%2Fv2%2Ftags&post=45486"}],"curies":[{"name":"wp","href":"https:\/\/api.w.org\/{rel}","templated":true}]}}