{"id":45483,"date":"2026-03-17T23:35:58","date_gmt":"2026-03-18T05:35:58","guid":{"rendered":"https:\/\/gerardoduque.com.mx\/?p=45483"},"modified":"2026-03-17T23:36:04","modified_gmt":"2026-03-18T05:36:04","slug":"organizan-pabellon-artesanal-para-la-fenahuap-2026-en-ciudad-valles","status":"publish","type":"post","link":"https:\/\/gerardoduque.com.mx\/?p=45483","title":{"rendered":"ORGANIZAN PABELL\u00d3N ARTESANAL PARA LA FENAHUAP 2026 EN CIUDAD VALLES"},"content":{"rendered":"\n<p>El Ayuntamiento de Ciudad Valles, contin\u00faa avanzando en la organizaci\u00f3n del Pabell\u00f3n Artesanal que formar\u00e1 parte de las actividades de la Feria Nacional de la Huasteca Potosina (FENAHUAP) 2026, con el objetivo de fortalecer la econom\u00eda local y brindar espacios dignos de promoci\u00f3n a los artesanos.<\/p>\n\n\n\n<p>La directora de Turismo Municipal, inform\u00f3 que el pasado viernes se llev\u00f3 a cabo la primera reuni\u00f3n de organizaci\u00f3n, en la que se comenzaron a definir los detalles log\u00edsticos y de participaci\u00f3n para este importante espacio.<\/p>\n\n\n\n<p>Detall\u00f3 que se contempla la participaci\u00f3n de alrededor de 60 artesanos, de los cuales poco m\u00e1s de 25 son de Ciudad Valles, alrededor de 20 provenientes de otros municipios del estado y adem\u00e1s se contar\u00e1 con la presencia de artesanos originarios de otras entidades como Quer\u00e9taro, Puebla, Estado de M\u00e9xico, Hidalgo y Oaxaca, lo que permitir\u00e1 enriquecer la oferta cultural y artesanal de la feria.<\/p>\n\n\n\n<p>Dentro del pabell\u00f3n tambi\u00e9n se integrar\u00e1n espacios para diversas instituciones, como el Sistema Municipal DIF, la Secretar\u00eda de Turismo del Estado y la participaci\u00f3n de artesanos vinculados a la Secretar\u00eda de Desarrollo Econ\u00f3mico (SEDECO). De igual manera, se contempla la inclusi\u00f3n de un espacio representativo por parte del Centro de Reinserci\u00f3n Social (CERESO).<\/p>\n\n\n\n<p>Est\u00e1s acciones responden al inter\u00e9s del Alcalde Municipal de generar oportunidades para los artesanos, impulsando su trabajo y acerc\u00e1ndolos tanto a visitantes locales como a turistas nacionales durante una de las celebraciones m\u00e1s importantes de la regi\u00f3n.<\/p>\n","protected":false},"excerpt":{"rendered":"<p>Se realiza la planeaci\u00f3n del Pabell\u00f3n Artesanal para la FENAHUAP 2026, con la participaci\u00f3n prevista de artesanos locales y de otras entidades.<\/p>\n","protected":false},"author":4,"featured_media":45484,"comment_status":"closed","ping_status":"closed","sticky":false,"template":"","format":"standard","meta":{"_et_pb_use_builder":"off","_et_pb_old_content":"","_et_gb_content_width":"","footnotes":""},"categories":[62],"tags":[],"class_list":["post-45483","post","type-post","status-publish","format-standard","has-post-thumbnail","hentry","category-redaccion"],"_links":{"self":[{"href":"https:\/\/gerardoduque.com.mx\/index.php?rest_route=\/wp\/v2\/posts\/45483","targetHints":{"allow":["GET"]}}],"collection":[{"href":"https:\/\/gerardoduque.com.mx\/index.php?rest_route=\/wp\/v2\/posts"}],"about":[{"href":"https:\/\/gerardoduque.com.mx\/index.php?rest_route=\/wp\/v2\/types\/post"}],"author":[{"embeddable":true,"href":"https:\/\/gerardoduque.com.mx\/index.php?rest_route=\/wp\/v2\/users\/4"}],"replies":[{"embeddable":true,"href":"https:\/\/gerardoduque.com.mx\/index.php?rest_route=%2Fwp%2Fv2%2Fcomments&post=45483"}],"version-history":[{"count":1,"href":"https:\/\/gerardoduque.com.mx\/index.php?rest_route=\/wp\/v2\/posts\/45483\/revisions"}],"predecessor-version":[{"id":45485,"href":"https:\/\/gerardoduque.com.mx\/index.php?rest_route=\/wp\/v2\/posts\/45483\/revisions\/45485"}],"wp:featuredmedia":[{"embeddable":true,"href":"https:\/\/gerardoduque.com.mx\/index.php?rest_route=\/wp\/v2\/media\/45484"}],"wp:attachment":[{"href":"https:\/\/gerardoduque.com.mx\/index.php?rest_route=%2Fwp%2Fv2%2Fmedia&parent=45483"}],"wp:term":[{"taxonomy":"category","embeddable":true,"href":"https:\/\/gerardoduque.com.mx\/index.php?rest_route=%2Fwp%2Fv2%2Fcategories&post=45483"},{"taxonomy":"post_tag","embeddable":true,"href":"https:\/\/gerardoduque.com.mx\/index.php?rest_route=%2Fwp%2Fv2%2Ftags&post=45483"}],"curies":[{"name":"wp","href":"https:\/\/api.w.org\/{rel}","templated":true}]}}