{"id":45367,"date":"2026-02-07T16:43:48","date_gmt":"2026-02-07T22:43:48","guid":{"rendered":"https:\/\/gerardoduque.com.mx\/?p=45367"},"modified":"2026-03-15T16:44:40","modified_gmt":"2026-03-15T22:44:40","slug":"fenapo-se-llena-de-vida-con-el-dia-nacional-del-auto-antiguo-2026","status":"publish","type":"post","link":"https:\/\/gerardoduque.com.mx\/?p=45367","title":{"rendered":"FENAPO SE LLENA DE VIDA CON EL D\u00cdA NACIONAL DEL AUTO ANTIGUO 2026"},"content":{"rendered":"\n<p>Siguiendo las indicaciones del Gobernador del Estado, Ricardo Gallardo Cardona de dar vida permanente a las instalaciones de la Feria Nacional Potosina (Fenapo), el Patronato anunci\u00f3 la apertura de espacios comerciales para el D\u00eda Nacional del Auto Antiguo 2026, que se llevar\u00e1 a cabo este 22 de febrero. Este evento ofrecer\u00e1 diversi\u00f3n y comercio sin l\u00edmites, en un ambiente familiar que refleja el cambio que se vive y se siente en San Luis Potos\u00ed.<\/p>\n\n\n\n<p>Comerciantes de diversos giros tendr\u00e1n la oportunidad de ofrecer y comercializar sus productos ante una amplia afluencia de p\u00fablico, con opciones que incluyen alimentos y bebidas, juguetes, ropa, souvenirs y otros art\u00edculos. La organizaci\u00f3n del evento permitir\u00e1 un entorno din\u00e1mico, ordenado y seguro dentro del recinto ferial, beneficiando tanto a las y los visitantes como a quienes participan en la actividad comercial.<\/p>\n\n\n\n<p>Con estas acciones, la Fenapo consolida sus instalaciones como un espacio abierto a eventos de calidad que fortalecen el comercio local y la econom\u00eda de las familias potosinas. Para mayores informes, las y los interesados pueden enviar un mensaje de WhatsApp a http:\/\/wa.link\/wpaf2o, comunicarse al 444 129 09 99 extensiones 313 y 314, o acudir al \u00e1rea de Ventas de la Fenapo de lunes a viernes, en un horario de 9:00 a 15:00 horas.<\/p>\n","protected":false},"excerpt":{"rendered":"<p>Siguiendo las indicaciones del Gobernador del Estado, Ricardo Gallardo Cardona de dar vida permanente a las instalaciones de la Feria Nacional Potosina (Fenapo), el Patronato anunci\u00f3 la apertura de espacios comerciales para el D\u00eda Nacional del Auto Antiguo 2026, que se llevar\u00e1 a cabo este 22 de febrero. Este evento ofrecer\u00e1 diversi\u00f3n y comercio sin [&hellip;]<\/p>\n","protected":false},"author":4,"featured_media":45368,"comment_status":"closed","ping_status":"closed","sticky":false,"template":"","format":"standard","meta":{"_et_pb_use_builder":"off","_et_pb_old_content":"","_et_gb_content_width":"","footnotes":""},"categories":[280],"tags":[72,66],"class_list":["post-45367","post","type-post","status-publish","format-standard","has-post-thumbnail","hentry","category-gob-slp","tag-gobierno-del-estado","tag-san-luis-potosi"],"_links":{"self":[{"href":"https:\/\/gerardoduque.com.mx\/index.php?rest_route=\/wp\/v2\/posts\/45367","targetHints":{"allow":["GET"]}}],"collection":[{"href":"https:\/\/gerardoduque.com.mx\/index.php?rest_route=\/wp\/v2\/posts"}],"about":[{"href":"https:\/\/gerardoduque.com.mx\/index.php?rest_route=\/wp\/v2\/types\/post"}],"author":[{"embeddable":true,"href":"https:\/\/gerardoduque.com.mx\/index.php?rest_route=\/wp\/v2\/users\/4"}],"replies":[{"embeddable":true,"href":"https:\/\/gerardoduque.com.mx\/index.php?rest_route=%2Fwp%2Fv2%2Fcomments&post=45367"}],"version-history":[{"count":1,"href":"https:\/\/gerardoduque.com.mx\/index.php?rest_route=\/wp\/v2\/posts\/45367\/revisions"}],"predecessor-version":[{"id":45369,"href":"https:\/\/gerardoduque.com.mx\/index.php?rest_route=\/wp\/v2\/posts\/45367\/revisions\/45369"}],"wp:featuredmedia":[{"embeddable":true,"href":"https:\/\/gerardoduque.com.mx\/index.php?rest_route=\/wp\/v2\/media\/45368"}],"wp:attachment":[{"href":"https:\/\/gerardoduque.com.mx\/index.php?rest_route=%2Fwp%2Fv2%2Fmedia&parent=45367"}],"wp:term":[{"taxonomy":"category","embeddable":true,"href":"https:\/\/gerardoduque.com.mx\/index.php?rest_route=%2Fwp%2Fv2%2Fcategories&post=45367"},{"taxonomy":"post_tag","embeddable":true,"href":"https:\/\/gerardoduque.com.mx\/index.php?rest_route=%2Fwp%2Fv2%2Ftags&post=45367"}],"curies":[{"name":"wp","href":"https:\/\/api.w.org\/{rel}","templated":true}]}}