{"id":45364,"date":"2026-02-07T16:42:26","date_gmt":"2026-02-07T22:42:26","guid":{"rendered":"https:\/\/gerardoduque.com.mx\/?p=45364"},"modified":"2026-03-15T16:43:41","modified_gmt":"2026-03-15T22:43:41","slug":"del-aula-al-trabajo-cbtis-131-conecta-a-jovenes-con-empresas","status":"publish","type":"post","link":"https:\/\/gerardoduque.com.mx\/?p=45364","title":{"rendered":"DEL AULA AL TRABAJO: CBTIS 131 CONECTA A J\u00d3VENES CON EMPRESAS"},"content":{"rendered":"\n<p>Por instrucci\u00f3n del Gobernador del Estado, Ricardo Gallardo Cardona, la Secretar\u00eda del Trabajo y Previsi\u00f3n Social (STPS) fortaleci\u00f3 la vinculaci\u00f3n laboral de las y los j\u00f3venes potosinos, promoviendo programas que integran la educaci\u00f3n con la pr\u00e1ctica profesional. En este marco, el Centro de Bachillerato Tecnol\u00f3gico Industrial y de Servicios (CBTIS) 131 convoc\u00f3 al evento \u201cAlianza Estrat\u00e9gica: Empresa &amp; Educaci\u00f3n\u201d, dise\u00f1ado para presentar la oferta educativa del plantel y modalidades de colaboraci\u00f3n con empresas, como formaci\u00f3n dual, pr\u00e1cticas y servicio social. Participaron 15 empresas comprometidas con la preparaci\u00f3n y empleabilidad de la juventud.<\/p>\n\n\n\n<p>Durante el encuentro se ofrecieron carreras t\u00e9cnicas especializadas, incluyendo administraci\u00f3n de recursos humanos, construcci\u00f3n, programaci\u00f3n, mantenimiento automotriz, producci\u00f3n industrial de alimentos, trabajo social, inteligencia artificial y ciberseguridad (a partir de agosto de 2026). La formaci\u00f3n dual combina teor\u00eda y pr\u00e1ctica en entornos reales de trabajo, asegurando que los estudiantes adquieran competencias profesionales s\u00f3lidas. Este esfuerzo conjunto refleja el compromiso del Gobierno del Estado con el futuro laboral de los j\u00f3venes potosinos y confirma el cambio que se vive y se siente en la entidad.<\/p>\n","protected":false},"excerpt":{"rendered":"<p>Por instrucci\u00f3n del Gobernador del Estado, Ricardo Gallardo Cardona, la Secretar\u00eda del Trabajo y Previsi\u00f3n Social (STPS) fortaleci\u00f3 la vinculaci\u00f3n laboral de las y los j\u00f3venes potosinos, promoviendo programas que integran la educaci\u00f3n con la pr\u00e1ctica profesional. En este marco, el Centro de Bachillerato Tecnol\u00f3gico Industrial y de Servicios (CBTIS) 131 convoc\u00f3 al evento \u201cAlianza [&hellip;]<\/p>\n","protected":false},"author":4,"featured_media":45365,"comment_status":"closed","ping_status":"closed","sticky":false,"template":"","format":"standard","meta":{"_et_pb_use_builder":"off","_et_pb_old_content":"","_et_gb_content_width":"","footnotes":""},"categories":[280],"tags":[72,66],"class_list":["post-45364","post","type-post","status-publish","format-standard","has-post-thumbnail","hentry","category-gob-slp","tag-gobierno-del-estado","tag-san-luis-potosi"],"_links":{"self":[{"href":"https:\/\/gerardoduque.com.mx\/index.php?rest_route=\/wp\/v2\/posts\/45364","targetHints":{"allow":["GET"]}}],"collection":[{"href":"https:\/\/gerardoduque.com.mx\/index.php?rest_route=\/wp\/v2\/posts"}],"about":[{"href":"https:\/\/gerardoduque.com.mx\/index.php?rest_route=\/wp\/v2\/types\/post"}],"author":[{"embeddable":true,"href":"https:\/\/gerardoduque.com.mx\/index.php?rest_route=\/wp\/v2\/users\/4"}],"replies":[{"embeddable":true,"href":"https:\/\/gerardoduque.com.mx\/index.php?rest_route=%2Fwp%2Fv2%2Fcomments&post=45364"}],"version-history":[{"count":1,"href":"https:\/\/gerardoduque.com.mx\/index.php?rest_route=\/wp\/v2\/posts\/45364\/revisions"}],"predecessor-version":[{"id":45366,"href":"https:\/\/gerardoduque.com.mx\/index.php?rest_route=\/wp\/v2\/posts\/45364\/revisions\/45366"}],"wp:featuredmedia":[{"embeddable":true,"href":"https:\/\/gerardoduque.com.mx\/index.php?rest_route=\/wp\/v2\/media\/45365"}],"wp:attachment":[{"href":"https:\/\/gerardoduque.com.mx\/index.php?rest_route=%2Fwp%2Fv2%2Fmedia&parent=45364"}],"wp:term":[{"taxonomy":"category","embeddable":true,"href":"https:\/\/gerardoduque.com.mx\/index.php?rest_route=%2Fwp%2Fv2%2Fcategories&post=45364"},{"taxonomy":"post_tag","embeddable":true,"href":"https:\/\/gerardoduque.com.mx\/index.php?rest_route=%2Fwp%2Fv2%2Ftags&post=45364"}],"curies":[{"name":"wp","href":"https:\/\/api.w.org\/{rel}","templated":true}]}}