{"id":45361,"date":"2026-02-07T16:40:55","date_gmt":"2026-02-07T22:40:55","guid":{"rendered":"https:\/\/gerardoduque.com.mx\/?p=45361"},"modified":"2026-03-15T16:42:07","modified_gmt":"2026-03-15T22:42:07","slug":"sin-bandera-primer-artista-confirmado-para-la-fenapo-2026","status":"publish","type":"post","link":"https:\/\/gerardoduque.com.mx\/?p=45361","title":{"rendered":"SIN BANDERA, PRIMER ARTISTA CONFIRMADO PARA LA FENAPO 2026"},"content":{"rendered":"\n<p>El Gobernador del Estado, Ricardo Gallardo Cardona, anunci\u00f3 a trav\u00e9s de sus redes sociales al primer artista confirmado para la Feria Nacional Potosina 2026 (Fenapo): Sin Bandera, que se presentar\u00e1 el pr\u00f3ximo 20 de agosto, dando inicio a una cartelera de espect\u00e1culos de primer nivel para las y los potosinos.<\/p>\n\n\n\n<p>Con una trayectoria consolidada de m\u00e1s de dos d\u00e9cadas, Sin Bandera se ha posicionado como uno de los duetos m\u00e1s emblem\u00e1ticos del pop latino en espa\u00f1ol. Su propuesta musical, marcada por el romanticismo, la nostalgia y letras que conectan emociones, los ha llevado a conquistar escenarios internacionales y a convertirse en referentes para distintas generaciones que han hecho de sus canciones parte de su historia personal.<\/p>\n\n\n\n<p>La Fenapo 2026 se perfila como una edici\u00f3n a\u00fan mejor que las anteriores, con una organizaci\u00f3n fortalecida, espect\u00e1culos de talla internacional y una oferta integral de entretenimiento, cultura y tradici\u00f3n. Este crecimiento sostenido consolida a la feria como una de las m\u00e1s importantes del pa\u00eds y refleja el cambio que se vive y se siente en San Luis Potos\u00ed, avanzando sin l\u00edmites en beneficio de la ciudadan\u00eda.<\/p>\n\n\n\n<p>Asimismo, se confirm\u00f3 que la gratuidad de la Fenapo continuar\u00e1 en la entrada, los juegos mec\u00e1nicos y el estacionamiento, una pol\u00edtica p\u00fablica que representa un beneficio directo al bolsillo de todas las familias potosinas y reafirma el compromiso de mantener una feria incluyente, accesible y pensada para que nadie se quede fuera de la m\u00e1xima fiesta del estado.<\/p>\n","protected":false},"excerpt":{"rendered":"<p>El Gobernador del Estado, Ricardo Gallardo Cardona, anunci\u00f3 a trav\u00e9s de sus redes sociales al primer artista confirmado para la Feria Nacional Potosina 2026 (Fenapo): Sin Bandera, que se presentar\u00e1 el pr\u00f3ximo 20 de agosto, dando inicio a una cartelera de espect\u00e1culos de primer nivel para las y los potosinos. Con una trayectoria consolidada de [&hellip;]<\/p>\n","protected":false},"author":4,"featured_media":45362,"comment_status":"closed","ping_status":"closed","sticky":false,"template":"","format":"standard","meta":{"_et_pb_use_builder":"off","_et_pb_old_content":"","_et_gb_content_width":"","footnotes":""},"categories":[280],"tags":[72,66],"class_list":["post-45361","post","type-post","status-publish","format-standard","has-post-thumbnail","hentry","category-gob-slp","tag-gobierno-del-estado","tag-san-luis-potosi"],"_links":{"self":[{"href":"https:\/\/gerardoduque.com.mx\/index.php?rest_route=\/wp\/v2\/posts\/45361","targetHints":{"allow":["GET"]}}],"collection":[{"href":"https:\/\/gerardoduque.com.mx\/index.php?rest_route=\/wp\/v2\/posts"}],"about":[{"href":"https:\/\/gerardoduque.com.mx\/index.php?rest_route=\/wp\/v2\/types\/post"}],"author":[{"embeddable":true,"href":"https:\/\/gerardoduque.com.mx\/index.php?rest_route=\/wp\/v2\/users\/4"}],"replies":[{"embeddable":true,"href":"https:\/\/gerardoduque.com.mx\/index.php?rest_route=%2Fwp%2Fv2%2Fcomments&post=45361"}],"version-history":[{"count":1,"href":"https:\/\/gerardoduque.com.mx\/index.php?rest_route=\/wp\/v2\/posts\/45361\/revisions"}],"predecessor-version":[{"id":45363,"href":"https:\/\/gerardoduque.com.mx\/index.php?rest_route=\/wp\/v2\/posts\/45361\/revisions\/45363"}],"wp:featuredmedia":[{"embeddable":true,"href":"https:\/\/gerardoduque.com.mx\/index.php?rest_route=\/wp\/v2\/media\/45362"}],"wp:attachment":[{"href":"https:\/\/gerardoduque.com.mx\/index.php?rest_route=%2Fwp%2Fv2%2Fmedia&parent=45361"}],"wp:term":[{"taxonomy":"category","embeddable":true,"href":"https:\/\/gerardoduque.com.mx\/index.php?rest_route=%2Fwp%2Fv2%2Fcategories&post=45361"},{"taxonomy":"post_tag","embeddable":true,"href":"https:\/\/gerardoduque.com.mx\/index.php?rest_route=%2Fwp%2Fv2%2Ftags&post=45361"}],"curies":[{"name":"wp","href":"https:\/\/api.w.org\/{rel}","templated":true}]}}