{"id":45358,"date":"2026-02-07T16:39:28","date_gmt":"2026-02-07T22:39:28","guid":{"rendered":"https:\/\/gerardoduque.com.mx\/?p=45358"},"modified":"2026-03-15T16:40:47","modified_gmt":"2026-03-15T22:40:47","slug":"san-luis-potosi-impulsa-el-deporte-escolar-y-el-talento-juvenil","status":"publish","type":"post","link":"https:\/\/gerardoduque.com.mx\/?p=45358","title":{"rendered":"SAN LUIS POTOS\u00cd IMPULSA EL DEPORTE ESCOLAR Y EL TALENTO JUVENIL"},"content":{"rendered":"\n<p>Por instrucci\u00f3n del Gobernador Ricardo Gallardo Cardona, el Gobierno del Estado impulsa acciones que fortalecen la educaci\u00f3n integral a trav\u00e9s del deporte, promoviendo el desarrollo f\u00edsico, emocional y social del alumnado, como parte del cambio que se vive y se siente en las aulas y comunidades escolares.<\/p>\n\n\n\n<p>La Secretar\u00eda de Educaci\u00f3n del Gobierno del Estado convoca a estudiantes de educaci\u00f3n b\u00e1sica y media superior a participar en la Copa Escolar de Futbol 2026, fase estatal, cuyo objetivo es fomentar valores como la disciplina, el trabajo en equipo y la sana convivencia, adem\u00e1s de seleccionar al equipo que representar\u00e1 a San Luis Potos\u00ed en la etapa nacional.<\/p>\n\n\n\n<p>La fase estatal permitir\u00e1 integrar a la delegaci\u00f3n que competir\u00e1 con representativos de todo el pa\u00eds, por lo que se invita a la comunidad escolar a consultar la convocatoria, organizar sus equipos y sumarse a esta iniciativa que fortalece el talento deportivo y consolida una educaci\u00f3n m\u00e1s completa y con oportunidades para las y los estudiantes potosinos.<\/p>\n","protected":false},"excerpt":{"rendered":"<p>Por instrucci\u00f3n del Gobernador Ricardo Gallardo Cardona, el Gobierno del Estado impulsa acciones que fortalecen la educaci\u00f3n integral a trav\u00e9s del deporte, promoviendo el desarrollo f\u00edsico, emocional y social del alumnado, como parte del cambio que se vive y se siente en las aulas y comunidades escolares. La Secretar\u00eda de Educaci\u00f3n del Gobierno del Estado [&hellip;]<\/p>\n","protected":false},"author":4,"featured_media":45359,"comment_status":"closed","ping_status":"closed","sticky":false,"template":"","format":"standard","meta":{"_et_pb_use_builder":"off","_et_pb_old_content":"","_et_gb_content_width":"","footnotes":""},"categories":[280],"tags":[72,66],"class_list":["post-45358","post","type-post","status-publish","format-standard","has-post-thumbnail","hentry","category-gob-slp","tag-gobierno-del-estado","tag-san-luis-potosi"],"_links":{"self":[{"href":"https:\/\/gerardoduque.com.mx\/index.php?rest_route=\/wp\/v2\/posts\/45358","targetHints":{"allow":["GET"]}}],"collection":[{"href":"https:\/\/gerardoduque.com.mx\/index.php?rest_route=\/wp\/v2\/posts"}],"about":[{"href":"https:\/\/gerardoduque.com.mx\/index.php?rest_route=\/wp\/v2\/types\/post"}],"author":[{"embeddable":true,"href":"https:\/\/gerardoduque.com.mx\/index.php?rest_route=\/wp\/v2\/users\/4"}],"replies":[{"embeddable":true,"href":"https:\/\/gerardoduque.com.mx\/index.php?rest_route=%2Fwp%2Fv2%2Fcomments&post=45358"}],"version-history":[{"count":1,"href":"https:\/\/gerardoduque.com.mx\/index.php?rest_route=\/wp\/v2\/posts\/45358\/revisions"}],"predecessor-version":[{"id":45360,"href":"https:\/\/gerardoduque.com.mx\/index.php?rest_route=\/wp\/v2\/posts\/45358\/revisions\/45360"}],"wp:featuredmedia":[{"embeddable":true,"href":"https:\/\/gerardoduque.com.mx\/index.php?rest_route=\/wp\/v2\/media\/45359"}],"wp:attachment":[{"href":"https:\/\/gerardoduque.com.mx\/index.php?rest_route=%2Fwp%2Fv2%2Fmedia&parent=45358"}],"wp:term":[{"taxonomy":"category","embeddable":true,"href":"https:\/\/gerardoduque.com.mx\/index.php?rest_route=%2Fwp%2Fv2%2Fcategories&post=45358"},{"taxonomy":"post_tag","embeddable":true,"href":"https:\/\/gerardoduque.com.mx\/index.php?rest_route=%2Fwp%2Fv2%2Ftags&post=45358"}],"curies":[{"name":"wp","href":"https:\/\/api.w.org\/{rel}","templated":true}]}}