{"id":45352,"date":"2026-02-07T16:36:54","date_gmt":"2026-02-07T22:36:54","guid":{"rendered":"https:\/\/gerardoduque.com.mx\/?p=45352"},"modified":"2026-03-15T16:37:55","modified_gmt":"2026-03-15T22:37:55","slug":"ricardo-gallardo-llevara-programa-enchulame-la-colonia-a-huasteca","status":"publish","type":"post","link":"https:\/\/gerardoduque.com.mx\/?p=45352","title":{"rendered":"RICARDO GALLARDO LLEVAR\u00c1 PROGRAMA \u201cENCH\u00daLAME LA COLONIA A HUASTECA\u201d"},"content":{"rendered":"\n<p>El cambio que se vive y se siente en San Luis Potos\u00ed se refleja en cada calle mejorada y en cada espacio p\u00fablico recuperado, asegur\u00f3 el Gobernador Ricardo Gallardo Cardona. Quien mencion\u00f3 que tras los resultados positivos del programa \u201cEnch\u00falame la Colonia\u201d, ahora se replicar\u00e1 en 50 barrios y comunidades de Tamazunchale bajo el nombre \u201cEnchulando tu comunidad\u201d, llevando mejoras de infraestructura, vialidades, movilidad y espacios p\u00fablicos a quienes m\u00e1s fueron ignorados por la herencia maldita.<\/p>\n\n\n\n<p>\u201cCon estas acciones buscamos que las calles sean m\u00e1s seguras, los parques y jardines est\u00e9n limpios y bien iluminados, y la movilidad de la gente sea m\u00e1s fluida\u201d, expres\u00f3 Gallardo Cardona.<\/p>\n\n\n\n<p>Agreg\u00f3 que el cambio que se vive y se siente no solo est\u00e1 en la pintura de las calles o en la reparaci\u00f3n de baches, sino en la manera en que las familias pueden transitar con seguridad, disfrutar sus espacios y vivir en comunidades dignas y funcionales.<\/p>\n\n\n\n<p>El programa estar\u00e1 a cargo de la Junta Estatal de Caminos (JEC) incluye bacheo, se\u00f1alizaci\u00f3n en cruces peatonales, limpieza y reforestaci\u00f3n de espacios comunes, pintura de \u00e1reas p\u00fablicas y cambio de luminarias a tecnolog\u00eda LED, acciones concretas que reflejan el compromiso del gobierno estatal con quienes m\u00e1s lo necesitan.<\/p>\n","protected":false},"excerpt":{"rendered":"<p>El cambio que se vive y se siente en San Luis Potos\u00ed se refleja en cada calle mejorada y en cada espacio p\u00fablico recuperado, asegur\u00f3 el Gobernador Ricardo Gallardo Cardona. Quien mencion\u00f3 que tras los resultados positivos del programa \u201cEnch\u00falame la Colonia\u201d, ahora se replicar\u00e1 en 50 barrios y comunidades de Tamazunchale bajo el nombre [&hellip;]<\/p>\n","protected":false},"author":4,"featured_media":45353,"comment_status":"closed","ping_status":"closed","sticky":false,"template":"","format":"standard","meta":{"_et_pb_use_builder":"off","_et_pb_old_content":"","_et_gb_content_width":"","footnotes":""},"categories":[280],"tags":[72,66],"class_list":["post-45352","post","type-post","status-publish","format-standard","has-post-thumbnail","hentry","category-gob-slp","tag-gobierno-del-estado","tag-san-luis-potosi"],"_links":{"self":[{"href":"https:\/\/gerardoduque.com.mx\/index.php?rest_route=\/wp\/v2\/posts\/45352","targetHints":{"allow":["GET"]}}],"collection":[{"href":"https:\/\/gerardoduque.com.mx\/index.php?rest_route=\/wp\/v2\/posts"}],"about":[{"href":"https:\/\/gerardoduque.com.mx\/index.php?rest_route=\/wp\/v2\/types\/post"}],"author":[{"embeddable":true,"href":"https:\/\/gerardoduque.com.mx\/index.php?rest_route=\/wp\/v2\/users\/4"}],"replies":[{"embeddable":true,"href":"https:\/\/gerardoduque.com.mx\/index.php?rest_route=%2Fwp%2Fv2%2Fcomments&post=45352"}],"version-history":[{"count":1,"href":"https:\/\/gerardoduque.com.mx\/index.php?rest_route=\/wp\/v2\/posts\/45352\/revisions"}],"predecessor-version":[{"id":45354,"href":"https:\/\/gerardoduque.com.mx\/index.php?rest_route=\/wp\/v2\/posts\/45352\/revisions\/45354"}],"wp:featuredmedia":[{"embeddable":true,"href":"https:\/\/gerardoduque.com.mx\/index.php?rest_route=\/wp\/v2\/media\/45353"}],"wp:attachment":[{"href":"https:\/\/gerardoduque.com.mx\/index.php?rest_route=%2Fwp%2Fv2%2Fmedia&parent=45352"}],"wp:term":[{"taxonomy":"category","embeddable":true,"href":"https:\/\/gerardoduque.com.mx\/index.php?rest_route=%2Fwp%2Fv2%2Fcategories&post=45352"},{"taxonomy":"post_tag","embeddable":true,"href":"https:\/\/gerardoduque.com.mx\/index.php?rest_route=%2Fwp%2Fv2%2Ftags&post=45352"}],"curies":[{"name":"wp","href":"https:\/\/api.w.org\/{rel}","templated":true}]}}