{"id":45346,"date":"2026-02-07T16:34:23","date_gmt":"2026-02-07T22:34:23","guid":{"rendered":"https:\/\/gerardoduque.com.mx\/?p=45346"},"modified":"2026-03-15T16:35:33","modified_gmt":"2026-03-15T22:35:33","slug":"gobierno-estatal-impulsa-educacion-alimentaria-en-centros-potosi","status":"publish","type":"post","link":"https:\/\/gerardoduque.com.mx\/?p=45346","title":{"rendered":"GOBIERNO ESTATAL IMPULSA EDUCACI\u00d3N ALIMENTARIA EN CENTROS POTOS\u00cd"},"content":{"rendered":"\n<p>En cumplimiento a la visi\u00f3n de bienestar social impulsada por el Gobernador del Estado, Ricardo Gallardo Cardona, y como parte del cambio que se vive y se siente en San Luis Potos\u00ed, el Sistema Estatal para el Desarrollo Integral de la Familia (DIF Estatal) fortaleci\u00f3 la educaci\u00f3n alimentaria en la ni\u00f1ez potosina mediante el taller \u201cLoncheras Saludables\u201d, realizado en el Centro Potos\u00ed 2 y dirigido a madres y padres de familia.<\/p>\n\n\n\n<p>Durante la actividad, las y los asistentes aprendieron a identificar porciones adecuadas y a combinar alimentos que favorecen el crecimiento, aportan energ\u00eda y mejoran el rendimiento escolar de ni\u00f1as, ni\u00f1os y adolescentes. El taller fue impartido por una especialista en nutrici\u00f3n, quien comparti\u00f3 recomendaciones pr\u00e1cticas para preparar loncheras balanceadas, nutritivas y atractivas, promoviendo h\u00e1bitos saludables desde el hogar.<\/p>\n\n\n\n<p>Esta acci\u00f3n forma parte de una estrategia integral que se replicar\u00e1 en los dem\u00e1s Centros Potos\u00ed del estado y refleja el cambio que hoy se vive y se siente al priorizar el desarrollo integral de la ni\u00f1ez. Adem\u00e1s, en el propio centro se impulsa el cultivo de hortalizas y \u00e1rboles frutales a trav\u00e9s del huerto comunitario, reforzando desde la pr\u00e1ctica la adopci\u00f3n de estilos de vida saludables y el compromiso del DIF Estatal con las familias potosinas.<\/p>\n","protected":false},"excerpt":{"rendered":"<p>En cumplimiento a la visi\u00f3n de bienestar social impulsada por el Gobernador del Estado, Ricardo Gallardo Cardona, y como parte del cambio que se vive y se siente en San Luis Potos\u00ed, el Sistema Estatal para el Desarrollo Integral de la Familia (DIF Estatal) fortaleci\u00f3 la educaci\u00f3n alimentaria en la ni\u00f1ez potosina mediante el taller [&hellip;]<\/p>\n","protected":false},"author":4,"featured_media":45347,"comment_status":"closed","ping_status":"closed","sticky":false,"template":"","format":"standard","meta":{"_et_pb_use_builder":"off","_et_pb_old_content":"","_et_gb_content_width":"","footnotes":""},"categories":[280],"tags":[72,66],"class_list":["post-45346","post","type-post","status-publish","format-standard","has-post-thumbnail","hentry","category-gob-slp","tag-gobierno-del-estado","tag-san-luis-potosi"],"_links":{"self":[{"href":"https:\/\/gerardoduque.com.mx\/index.php?rest_route=\/wp\/v2\/posts\/45346","targetHints":{"allow":["GET"]}}],"collection":[{"href":"https:\/\/gerardoduque.com.mx\/index.php?rest_route=\/wp\/v2\/posts"}],"about":[{"href":"https:\/\/gerardoduque.com.mx\/index.php?rest_route=\/wp\/v2\/types\/post"}],"author":[{"embeddable":true,"href":"https:\/\/gerardoduque.com.mx\/index.php?rest_route=\/wp\/v2\/users\/4"}],"replies":[{"embeddable":true,"href":"https:\/\/gerardoduque.com.mx\/index.php?rest_route=%2Fwp%2Fv2%2Fcomments&post=45346"}],"version-history":[{"count":1,"href":"https:\/\/gerardoduque.com.mx\/index.php?rest_route=\/wp\/v2\/posts\/45346\/revisions"}],"predecessor-version":[{"id":45348,"href":"https:\/\/gerardoduque.com.mx\/index.php?rest_route=\/wp\/v2\/posts\/45346\/revisions\/45348"}],"wp:featuredmedia":[{"embeddable":true,"href":"https:\/\/gerardoduque.com.mx\/index.php?rest_route=\/wp\/v2\/media\/45347"}],"wp:attachment":[{"href":"https:\/\/gerardoduque.com.mx\/index.php?rest_route=%2Fwp%2Fv2%2Fmedia&parent=45346"}],"wp:term":[{"taxonomy":"category","embeddable":true,"href":"https:\/\/gerardoduque.com.mx\/index.php?rest_route=%2Fwp%2Fv2%2Fcategories&post=45346"},{"taxonomy":"post_tag","embeddable":true,"href":"https:\/\/gerardoduque.com.mx\/index.php?rest_route=%2Fwp%2Fv2%2Ftags&post=45346"}],"curies":[{"name":"wp","href":"https:\/\/api.w.org\/{rel}","templated":true}]}}