{"id":45334,"date":"2026-02-04T16:28:38","date_gmt":"2026-02-04T22:28:38","guid":{"rendered":"https:\/\/gerardoduque.com.mx\/?p=45334"},"modified":"2026-03-15T16:29:32","modified_gmt":"2026-03-15T22:29:32","slug":"gobierno-del-estado-promueve-derechos-de-pueblos-originarios","status":"publish","type":"post","link":"https:\/\/gerardoduque.com.mx\/?p=45334","title":{"rendered":"GOBIERNO DEL ESTADO PROMUEVE DERECHOS DE PUEBLOS ORIGINARIOS"},"content":{"rendered":"\n<p>El Instituto de Desarrollo Humano y Social de los Pueblos y Comunidades Ind\u00edgenas (Indepi) impulsa un programa de capacitaci\u00f3n en materia de derechos y cultura de los pueblos originarios para este 2026, dirigidos al funcionariado p\u00fablico y a las y los integrantes de las comunidades originarias.<\/p>\n\n\n\n<p>Como parte del cambio que se vive y se siente en San Luis Potos\u00ed y atendiendo lo instruido por el Gobernador Ricardo Gallardo Cardona, se ha realizado la capacitaci\u00f3n en \u00abArtes, artesan\u00edas y oficios de los pueblos originarios\u00bb y la \u00abJurisdicci\u00f3n Ind\u00edgena, por una Justicia Intercultural\u00bb, enfocados a la protecci\u00f3n del patrimonio cultural y a la propiedad intelectual, y en materia de reconocimiento de los sistemas normativos ind\u00edgenas y la administraci\u00f3n de justicia al interior de las comunidades.<\/p>\n","protected":false},"excerpt":{"rendered":"<p>El Instituto de Desarrollo Humano y Social de los Pueblos y Comunidades Ind\u00edgenas (Indepi) impulsa un programa de capacitaci\u00f3n en materia de derechos y cultura de los pueblos originarios para este 2026, dirigidos al funcionariado p\u00fablico y a las y los integrantes de las comunidades originarias. Como parte del cambio que se vive y se [&hellip;]<\/p>\n","protected":false},"author":4,"featured_media":45335,"comment_status":"closed","ping_status":"closed","sticky":false,"template":"","format":"standard","meta":{"_et_pb_use_builder":"off","_et_pb_old_content":"","_et_gb_content_width":"","footnotes":""},"categories":[280],"tags":[72,66],"class_list":["post-45334","post","type-post","status-publish","format-standard","has-post-thumbnail","hentry","category-gob-slp","tag-gobierno-del-estado","tag-san-luis-potosi"],"_links":{"self":[{"href":"https:\/\/gerardoduque.com.mx\/index.php?rest_route=\/wp\/v2\/posts\/45334","targetHints":{"allow":["GET"]}}],"collection":[{"href":"https:\/\/gerardoduque.com.mx\/index.php?rest_route=\/wp\/v2\/posts"}],"about":[{"href":"https:\/\/gerardoduque.com.mx\/index.php?rest_route=\/wp\/v2\/types\/post"}],"author":[{"embeddable":true,"href":"https:\/\/gerardoduque.com.mx\/index.php?rest_route=\/wp\/v2\/users\/4"}],"replies":[{"embeddable":true,"href":"https:\/\/gerardoduque.com.mx\/index.php?rest_route=%2Fwp%2Fv2%2Fcomments&post=45334"}],"version-history":[{"count":1,"href":"https:\/\/gerardoduque.com.mx\/index.php?rest_route=\/wp\/v2\/posts\/45334\/revisions"}],"predecessor-version":[{"id":45336,"href":"https:\/\/gerardoduque.com.mx\/index.php?rest_route=\/wp\/v2\/posts\/45334\/revisions\/45336"}],"wp:featuredmedia":[{"embeddable":true,"href":"https:\/\/gerardoduque.com.mx\/index.php?rest_route=\/wp\/v2\/media\/45335"}],"wp:attachment":[{"href":"https:\/\/gerardoduque.com.mx\/index.php?rest_route=%2Fwp%2Fv2%2Fmedia&parent=45334"}],"wp:term":[{"taxonomy":"category","embeddable":true,"href":"https:\/\/gerardoduque.com.mx\/index.php?rest_route=%2Fwp%2Fv2%2Fcategories&post=45334"},{"taxonomy":"post_tag","embeddable":true,"href":"https:\/\/gerardoduque.com.mx\/index.php?rest_route=%2Fwp%2Fv2%2Ftags&post=45334"}],"curies":[{"name":"wp","href":"https:\/\/api.w.org\/{rel}","templated":true}]}}