{"id":45324,"date":"2026-02-04T16:24:37","date_gmt":"2026-02-04T22:24:37","guid":{"rendered":"https:\/\/gerardoduque.com.mx\/?p=45324"},"modified":"2026-03-15T16:25:36","modified_gmt":"2026-03-15T22:25:36","slug":"gobierno-estatal-garantiza-certeza-laboral-para-el-magisterio-potosino-2","status":"publish","type":"post","link":"https:\/\/gerardoduque.com.mx\/?p=45324","title":{"rendered":"GOBIERNO ESTATAL GARANTIZA CERTEZA LABORAL PARA EL MAGISTERIO POTOSINO"},"content":{"rendered":"\n<p>Con el objetivo de brindar mayor certeza laboral y fortalecer el desarrollo profesional del magisterio, el Sistema Educativo Estatal Regular (SEER) llev\u00f3 a cabo la firma de las convocatorias de evaluaci\u00f3n al desempe\u00f1o docente, compactaci\u00f3n y recategorizaci\u00f3n del personal, as\u00ed como de promoci\u00f3n del personal no docente de la Benem\u00e9rita y Centenaria Escuela Normal del Estado (Becene). Estas acciones consolidan mecanismos ordenados que reconocen la trayectoria y el esfuerzo de quienes forman a las nuevas generaciones.<\/p>\n\n\n\n<p>El acto, encabezado por distintas autoridades educativas, destac\u00f3 la importancia de garantizar procesos justos que aporten estabilidad y certidumbre al personal, simbolizando el cambio que se vive y se siente en la educaci\u00f3n. Estas acciones, impulsadas desde el \u00e1mbito Estatal, respaldan al magisterio con reglas claras y oportunidades de crecimiento profesional, y gracias al acompa\u00f1amiento del gobernador Ricardo Gallardo Cardona se consolidan medidas sin l\u00edmites que fortalecen la legalidad, la equidad y el reconocimiento al trabajo docente.<\/p>\n","protected":false},"excerpt":{"rendered":"<p>Con el objetivo de brindar mayor certeza laboral y fortalecer el desarrollo profesional del magisterio, el Sistema Educativo Estatal Regular (SEER) llev\u00f3 a cabo la firma de las convocatorias de evaluaci\u00f3n al desempe\u00f1o docente, compactaci\u00f3n y recategorizaci\u00f3n del personal, as\u00ed como de promoci\u00f3n del personal no docente de la Benem\u00e9rita y Centenaria Escuela Normal del [&hellip;]<\/p>\n","protected":false},"author":4,"featured_media":45325,"comment_status":"closed","ping_status":"closed","sticky":false,"template":"","format":"standard","meta":{"_et_pb_use_builder":"off","_et_pb_old_content":"","_et_gb_content_width":"","footnotes":""},"categories":[280],"tags":[72,66],"class_list":["post-45324","post","type-post","status-publish","format-standard","has-post-thumbnail","hentry","category-gob-slp","tag-gobierno-del-estado","tag-san-luis-potosi"],"_links":{"self":[{"href":"https:\/\/gerardoduque.com.mx\/index.php?rest_route=\/wp\/v2\/posts\/45324","targetHints":{"allow":["GET"]}}],"collection":[{"href":"https:\/\/gerardoduque.com.mx\/index.php?rest_route=\/wp\/v2\/posts"}],"about":[{"href":"https:\/\/gerardoduque.com.mx\/index.php?rest_route=\/wp\/v2\/types\/post"}],"author":[{"embeddable":true,"href":"https:\/\/gerardoduque.com.mx\/index.php?rest_route=\/wp\/v2\/users\/4"}],"replies":[{"embeddable":true,"href":"https:\/\/gerardoduque.com.mx\/index.php?rest_route=%2Fwp%2Fv2%2Fcomments&post=45324"}],"version-history":[{"count":1,"href":"https:\/\/gerardoduque.com.mx\/index.php?rest_route=\/wp\/v2\/posts\/45324\/revisions"}],"predecessor-version":[{"id":45326,"href":"https:\/\/gerardoduque.com.mx\/index.php?rest_route=\/wp\/v2\/posts\/45324\/revisions\/45326"}],"wp:featuredmedia":[{"embeddable":true,"href":"https:\/\/gerardoduque.com.mx\/index.php?rest_route=\/wp\/v2\/media\/45325"}],"wp:attachment":[{"href":"https:\/\/gerardoduque.com.mx\/index.php?rest_route=%2Fwp%2Fv2%2Fmedia&parent=45324"}],"wp:term":[{"taxonomy":"category","embeddable":true,"href":"https:\/\/gerardoduque.com.mx\/index.php?rest_route=%2Fwp%2Fv2%2Fcategories&post=45324"},{"taxonomy":"post_tag","embeddable":true,"href":"https:\/\/gerardoduque.com.mx\/index.php?rest_route=%2Fwp%2Fv2%2Ftags&post=45324"}],"curies":[{"name":"wp","href":"https:\/\/api.w.org\/{rel}","templated":true}]}}