{"id":45315,"date":"2026-02-04T16:21:37","date_gmt":"2026-02-04T22:21:37","guid":{"rendered":"https:\/\/gerardoduque.com.mx\/?p=45315"},"modified":"2026-03-15T16:22:31","modified_gmt":"2026-03-15T22:22:31","slug":"festival-del-cabrito-2026-impulso-sin-limites-al-campo-potosino-2","status":"publish","type":"post","link":"https:\/\/gerardoduque.com.mx\/?p=45315","title":{"rendered":"FESTIVAL DEL CABRITO 2026: IMPULSO SIN L\u00cdMITES AL CAMPO POTOSINO"},"content":{"rendered":"\n<p>El Gobierno del Estado, encabezado por el gobernador Ricardo Gallardo Cardona, anunci\u00f3 la realizaci\u00f3n del Festival del Cabrito 2026 en dos sedes emblem\u00e1ticas: Real de Catorce y la Feria Nacional Potosina (Fenapo) 2026, como parte de una estrategia integral para fortalecer al campo, mejorar la gen\u00e9tica de los reba\u00f1os y revalorar la tradici\u00f3n caprina. Esta iniciativa no solo impulsa la difusi\u00f3n de los platillos t\u00edpicos, sino que se traduce en apoyos reales para elevar la producci\u00f3n y la competitividad de los ganaderos potosinos.<\/p>\n\n\n\n<p>El titular de la Secretar\u00eda de Desarrollo Agropecuario y Recursos Hidr\u00e1ulicos (Sedarh), Jorge Luis D\u00edaz Salinas, dio a conocer estos eventos tras su participaci\u00f3n en el Festival del Cabrito de Tamaulipas, donde se reunieron gobernadores y l\u00edderes ganaderos de Tamaulipas y Zacatecas.<\/p>\n\n\n\n<p>D\u00edaz Salinas detall\u00f3 que el primer festival se realizar\u00e1 en Real de Catorce en los pr\u00f3ximos meses y el segundo en agosto, donde se aplicar\u00e1 un programa de apoyos con sementales de razas como Nubia, Alpina, Boer y de doble prop\u00f3sito, para mejorar la producci\u00f3n de carne y leche. Con ello, el Gobierno Estatal demuestra el cambio que se vive y se siente en el campo, al pasar del discurso a los resultados, fortaleciendo a los productores, elevando sus ingresos y mejorando la calidad de vida de m\u00e1s de cinco mil familias que dependen de esta actividad.<\/p>\n","protected":false},"excerpt":{"rendered":"<p>El Gobierno del Estado, encabezado por el gobernador Ricardo Gallardo Cardona, anunci\u00f3 la realizaci\u00f3n del Festival del Cabrito 2026 en dos sedes emblem\u00e1ticas: Real de Catorce y la Feria Nacional Potosina (Fenapo) 2026, como parte de una estrategia integral para fortalecer al campo, mejorar la gen\u00e9tica de los reba\u00f1os y revalorar la tradici\u00f3n caprina. Esta [&hellip;]<\/p>\n","protected":false},"author":4,"featured_media":45316,"comment_status":"closed","ping_status":"closed","sticky":false,"template":"","format":"standard","meta":{"_et_pb_use_builder":"off","_et_pb_old_content":"","_et_gb_content_width":"","footnotes":""},"categories":[280],"tags":[72,66],"class_list":["post-45315","post","type-post","status-publish","format-standard","has-post-thumbnail","hentry","category-gob-slp","tag-gobierno-del-estado","tag-san-luis-potosi"],"_links":{"self":[{"href":"https:\/\/gerardoduque.com.mx\/index.php?rest_route=\/wp\/v2\/posts\/45315","targetHints":{"allow":["GET"]}}],"collection":[{"href":"https:\/\/gerardoduque.com.mx\/index.php?rest_route=\/wp\/v2\/posts"}],"about":[{"href":"https:\/\/gerardoduque.com.mx\/index.php?rest_route=\/wp\/v2\/types\/post"}],"author":[{"embeddable":true,"href":"https:\/\/gerardoduque.com.mx\/index.php?rest_route=\/wp\/v2\/users\/4"}],"replies":[{"embeddable":true,"href":"https:\/\/gerardoduque.com.mx\/index.php?rest_route=%2Fwp%2Fv2%2Fcomments&post=45315"}],"version-history":[{"count":1,"href":"https:\/\/gerardoduque.com.mx\/index.php?rest_route=\/wp\/v2\/posts\/45315\/revisions"}],"predecessor-version":[{"id":45317,"href":"https:\/\/gerardoduque.com.mx\/index.php?rest_route=\/wp\/v2\/posts\/45315\/revisions\/45317"}],"wp:featuredmedia":[{"embeddable":true,"href":"https:\/\/gerardoduque.com.mx\/index.php?rest_route=\/wp\/v2\/media\/45316"}],"wp:attachment":[{"href":"https:\/\/gerardoduque.com.mx\/index.php?rest_route=%2Fwp%2Fv2%2Fmedia&parent=45315"}],"wp:term":[{"taxonomy":"category","embeddable":true,"href":"https:\/\/gerardoduque.com.mx\/index.php?rest_route=%2Fwp%2Fv2%2Fcategories&post=45315"},{"taxonomy":"post_tag","embeddable":true,"href":"https:\/\/gerardoduque.com.mx\/index.php?rest_route=%2Fwp%2Fv2%2Ftags&post=45315"}],"curies":[{"name":"wp","href":"https:\/\/api.w.org\/{rel}","templated":true}]}}