{"id":45301,"date":"2026-02-04T16:11:45","date_gmt":"2026-02-04T22:11:45","guid":{"rendered":"https:\/\/gerardoduque.com.mx\/?p=45301"},"modified":"2026-03-15T16:17:54","modified_gmt":"2026-03-15T22:17:54","slug":"febrero-sin-limites-la-fenapo-se-transforma-y-se-vive","status":"publish","type":"post","link":"https:\/\/gerardoduque.com.mx\/?p=45301","title":{"rendered":"FEBRERO SIN L\u00cdMITES: LA FENAPO SE TRANSFORMA Y SE VIVE"},"content":{"rendered":"\n<p>El cambio que se vive y se siente en San Luis Potos\u00ed se refleja durante febrero en la Feria Nacional Potosina (Fenapo), con una agenda diversa que integra educaci\u00f3n, cultura y entretenimiento, consolidando al recinto ferial como un espacio activo, incluyente y abierto para todas y todos.<\/p>\n\n\n\n<p>La educaci\u00f3n tendr\u00e1 un papel central con la Feria de Universidades Interactiva (FUNI) 2026, organizada por la Secretar\u00eda de Educaci\u00f3n de Gobierno del Estado (SEGE), que se realizar\u00e1 el viernes 6 y s\u00e1bado 7 de febrero en el Pabell\u00f3n 2 de la Fenapo, acercando a las juventudes la oferta educativa m\u00e1s amplia del estado, mientras que la cultura y la tradici\u00f3n se vivir\u00e1n con el D\u00eda Nacional del Auto Antiguo el domingo 22 de febrero.<\/p>\n\n\n\n<p>El entretenimiento tambi\u00e9n ser\u00e1 protagonista con el Gran Baile del Amor y la Amistad el 14 de febrero y el Reguet\u00f3n Fest el 28 de febrero, fortaleciendo una agenda musical sin l\u00edmites. Con estas acciones, el Patronato de la Fenapo cumple con las instrucciones del Gobernador del Estado, Ricardo Gallardo Cardona, dando vida permanente al recinto ferial.<\/p>\n","protected":false},"excerpt":{"rendered":"<p>El cambio que se vive y se siente en San Luis Potos\u00ed se refleja durante febrero en la Feria Nacional Potosina (Fenapo), con una agenda diversa que integra educaci\u00f3n, cultura y entretenimiento, consolidando al recinto ferial como un espacio activo, incluyente y abierto para todas y todos. La educaci\u00f3n tendr\u00e1 un papel central con la [&hellip;]<\/p>\n","protected":false},"author":4,"featured_media":45304,"comment_status":"closed","ping_status":"closed","sticky":false,"template":"","format":"standard","meta":{"_et_pb_use_builder":"off","_et_pb_old_content":"","_et_gb_content_width":"","footnotes":""},"categories":[280],"tags":[72,66],"class_list":["post-45301","post","type-post","status-publish","format-standard","has-post-thumbnail","hentry","category-gob-slp","tag-gobierno-del-estado","tag-san-luis-potosi"],"_links":{"self":[{"href":"https:\/\/gerardoduque.com.mx\/index.php?rest_route=\/wp\/v2\/posts\/45301","targetHints":{"allow":["GET"]}}],"collection":[{"href":"https:\/\/gerardoduque.com.mx\/index.php?rest_route=\/wp\/v2\/posts"}],"about":[{"href":"https:\/\/gerardoduque.com.mx\/index.php?rest_route=\/wp\/v2\/types\/post"}],"author":[{"embeddable":true,"href":"https:\/\/gerardoduque.com.mx\/index.php?rest_route=\/wp\/v2\/users\/4"}],"replies":[{"embeddable":true,"href":"https:\/\/gerardoduque.com.mx\/index.php?rest_route=%2Fwp%2Fv2%2Fcomments&post=45301"}],"version-history":[{"count":1,"href":"https:\/\/gerardoduque.com.mx\/index.php?rest_route=\/wp\/v2\/posts\/45301\/revisions"}],"predecessor-version":[{"id":45305,"href":"https:\/\/gerardoduque.com.mx\/index.php?rest_route=\/wp\/v2\/posts\/45301\/revisions\/45305"}],"wp:featuredmedia":[{"embeddable":true,"href":"https:\/\/gerardoduque.com.mx\/index.php?rest_route=\/wp\/v2\/media\/45304"}],"wp:attachment":[{"href":"https:\/\/gerardoduque.com.mx\/index.php?rest_route=%2Fwp%2Fv2%2Fmedia&parent=45301"}],"wp:term":[{"taxonomy":"category","embeddable":true,"href":"https:\/\/gerardoduque.com.mx\/index.php?rest_route=%2Fwp%2Fv2%2Fcategories&post=45301"},{"taxonomy":"post_tag","embeddable":true,"href":"https:\/\/gerardoduque.com.mx\/index.php?rest_route=%2Fwp%2Fv2%2Ftags&post=45301"}],"curies":[{"name":"wp","href":"https:\/\/api.w.org\/{rel}","templated":true}]}}