{"id":45295,"date":"2026-02-04T16:09:44","date_gmt":"2026-02-04T22:09:44","guid":{"rendered":"https:\/\/gerardoduque.com.mx\/?p=45295"},"modified":"2026-03-15T16:11:28","modified_gmt":"2026-03-15T22:11:28","slug":"rescate-de-ricardo-gallardo-a-colonia-juan-sarabia-termina-historico-abandono","status":"publish","type":"post","link":"https:\/\/gerardoduque.com.mx\/?p=45295","title":{"rendered":"RESCATE DE RICARDO GALLARDO A COLONIA JUAN SARABIA TERMINA HIST\u00d3RICO ABANDONO"},"content":{"rendered":"\n<p>Tras el arranque del programa \u201cEnch\u00falame la Colonia\u201d, vecinos y vecinas de la Juan Sarabia aplaudieron al Gobernador Ricardo Gallardo Cardona, por la atenci\u00f3n de las calles deterioradas, drenajes colapsados, iluminaci\u00f3n y \u00e1reas verdes, al criticar el abandono de esta zona durante d\u00e9cadas por la falta de atenci\u00f3n del municipio.<\/p>\n\n\n\n<p>Mar\u00eda L\u00f3pez Montoya y la se\u00f1ora Guadalupe Mart\u00ednez destacaron la visita del Mandatario Estatal, ante los problemas sistem\u00e1ticamente ignorados por autoridades municipales como alcantarillas tapadas, basura acumulada y la falta de mantenimiento general, \u201cnunca hab\u00edan hecho algo que realmente valiera la pena, como lo que ahora inici\u00f3 el Gobernador del Estado\u201d, subray\u00f3.<\/p>\n\n\n\n<p>Por su parte, Adriana Gonz\u00e1lez destac\u00f3 que el programa es una oportunidad para mejorar la seguridad y la movilidad, al recordar que los baches, las inundaciones y la falta de topes complicaban la vida diaria, lo que ahora ser\u00e1 diferente gracias al trabajo del Gobierno del Estado.<\/p>\n\n\n\n<p>Finalmente, Minerva Segovia agradeci\u00f3 a Ricardo Gallardo por su atenci\u00f3n a la seguridad, y por el esfuerzo para la limpieza profunda, alumbrado, desazolve y rescate de \u00e1reas verdes, pues consider\u00f3 que les permitir\u00e1 devolver la tranquilidad y calidad de vida a las familias, al se\u00f1alar que la colonia requiere orden y seguimiento permanente como lo anunci\u00f3 el Mandatario potosino.<\/p>\n","protected":false},"excerpt":{"rendered":"<p>Tras el arranque del programa \u201cEnch\u00falame la Colonia\u201d, vecinos y vecinas de la Juan Sarabia aplaudieron al Gobernador Ricardo Gallardo Cardona, por la atenci\u00f3n de las calles deterioradas, drenajes colapsados, iluminaci\u00f3n y \u00e1reas verdes, al criticar el abandono de esta zona durante d\u00e9cadas por la falta de atenci\u00f3n del municipio. Mar\u00eda L\u00f3pez Montoya y la [&hellip;]<\/p>\n","protected":false},"author":4,"featured_media":45297,"comment_status":"closed","ping_status":"closed","sticky":false,"template":"","format":"standard","meta":{"_et_pb_use_builder":"off","_et_pb_old_content":"","_et_gb_content_width":"","footnotes":""},"categories":[280],"tags":[72,66],"class_list":["post-45295","post","type-post","status-publish","format-standard","has-post-thumbnail","hentry","category-gob-slp","tag-gobierno-del-estado","tag-san-luis-potosi"],"_links":{"self":[{"href":"https:\/\/gerardoduque.com.mx\/index.php?rest_route=\/wp\/v2\/posts\/45295","targetHints":{"allow":["GET"]}}],"collection":[{"href":"https:\/\/gerardoduque.com.mx\/index.php?rest_route=\/wp\/v2\/posts"}],"about":[{"href":"https:\/\/gerardoduque.com.mx\/index.php?rest_route=\/wp\/v2\/types\/post"}],"author":[{"embeddable":true,"href":"https:\/\/gerardoduque.com.mx\/index.php?rest_route=\/wp\/v2\/users\/4"}],"replies":[{"embeddable":true,"href":"https:\/\/gerardoduque.com.mx\/index.php?rest_route=%2Fwp%2Fv2%2Fcomments&post=45295"}],"version-history":[{"count":1,"href":"https:\/\/gerardoduque.com.mx\/index.php?rest_route=\/wp\/v2\/posts\/45295\/revisions"}],"predecessor-version":[{"id":45299,"href":"https:\/\/gerardoduque.com.mx\/index.php?rest_route=\/wp\/v2\/posts\/45295\/revisions\/45299"}],"wp:featuredmedia":[{"embeddable":true,"href":"https:\/\/gerardoduque.com.mx\/index.php?rest_route=\/wp\/v2\/media\/45297"}],"wp:attachment":[{"href":"https:\/\/gerardoduque.com.mx\/index.php?rest_route=%2Fwp%2Fv2%2Fmedia&parent=45295"}],"wp:term":[{"taxonomy":"category","embeddable":true,"href":"https:\/\/gerardoduque.com.mx\/index.php?rest_route=%2Fwp%2Fv2%2Fcategories&post=45295"},{"taxonomy":"post_tag","embeddable":true,"href":"https:\/\/gerardoduque.com.mx\/index.php?rest_route=%2Fwp%2Fv2%2Ftags&post=45295"}],"curies":[{"name":"wp","href":"https:\/\/api.w.org\/{rel}","templated":true}]}}