{"id":45285,"date":"2026-02-02T16:05:26","date_gmt":"2026-02-02T22:05:26","guid":{"rendered":"https:\/\/gerardoduque.com.mx\/?p=45285"},"modified":"2026-03-15T16:06:37","modified_gmt":"2026-03-15T22:06:37","slug":"archivo-historico-amplia-su-presencia-en-la-difusion-documental","status":"publish","type":"post","link":"https:\/\/gerardoduque.com.mx\/?p=45285","title":{"rendered":"ARCHIVO HIST\u00d3RICO AMPL\u00cdA SU PRESENCIA EN LA DIFUSI\u00d3N DOCUMENTAL"},"content":{"rendered":"\n<p>El Archivo Hist\u00f3rico del Estado (AHESLP) form\u00f3 parte de la Reuni\u00f3n de Difusi\u00f3n de Archivo de M\u00e9xico, un espacio convocado por el Archivo General de la Naci\u00f3n (AGN) que permiti\u00f3 revisar los trabajos desarrollados durante 2025 y definir las l\u00edneas de continuidad para el presente a\u00f1o. El encuentro reuni\u00f3 a responsables de difusi\u00f3n de distintas entidades del pa\u00eds con el prop\u00f3sito de compartir experiencias y coordinar acciones que ampl\u00eden el alcance social de los archivos hist\u00f3ricos.<\/p>\n\n\n\n<p>Durante las sesiones se abordaron mecanismos para fortalecer la colaboraci\u00f3n entre instituciones y generar mayores oportunidades de acceso a los acervos documentales, reconociendo su valor como patrimonio colectivo. Este intercambio contribuye a que la memoria hist\u00f3rica se acerque a nuevos p\u00fablicos y a que el trabajo archiv\u00edstico evolucione acorde a las necesidades actuales, en una din\u00e1mica donde el cambio que se vive y se siente tambi\u00e9n se expresa en la forma de preservar y difundir la historia.<\/p>\n\n\n\n<p>La participaci\u00f3n se inserta en el rumbo cultural que ha tomado San Luis Potos\u00ed en los \u00faltimos a\u00f1os, con un impulso sin l\u00edmites a la conservaci\u00f3n y difusi\u00f3n del patrimonio documental. Este trabajo, respaldado por el Gobernador Ricardo Gallardo Cardona, fortalece la colaboraci\u00f3n nacional y consolida a la entidad como un referente archiv\u00edstico.&nbsp;&nbsp;<\/p>\n","protected":false},"excerpt":{"rendered":"<p>El Archivo Hist\u00f3rico del Estado (AHESLP) form\u00f3 parte de la Reuni\u00f3n de Difusi\u00f3n de Archivo de M\u00e9xico, un espacio convocado por el Archivo General de la Naci\u00f3n (AGN) que permiti\u00f3 revisar los trabajos desarrollados durante 2025 y definir las l\u00edneas de continuidad para el presente a\u00f1o. El encuentro reuni\u00f3 a responsables de difusi\u00f3n de distintas [&hellip;]<\/p>\n","protected":false},"author":4,"featured_media":45287,"comment_status":"closed","ping_status":"closed","sticky":false,"template":"","format":"standard","meta":{"_et_pb_use_builder":"off","_et_pb_old_content":"","_et_gb_content_width":"","footnotes":""},"categories":[280],"tags":[72,66],"class_list":["post-45285","post","type-post","status-publish","format-standard","has-post-thumbnail","hentry","category-gob-slp","tag-gobierno-del-estado","tag-san-luis-potosi"],"_links":{"self":[{"href":"https:\/\/gerardoduque.com.mx\/index.php?rest_route=\/wp\/v2\/posts\/45285","targetHints":{"allow":["GET"]}}],"collection":[{"href":"https:\/\/gerardoduque.com.mx\/index.php?rest_route=\/wp\/v2\/posts"}],"about":[{"href":"https:\/\/gerardoduque.com.mx\/index.php?rest_route=\/wp\/v2\/types\/post"}],"author":[{"embeddable":true,"href":"https:\/\/gerardoduque.com.mx\/index.php?rest_route=\/wp\/v2\/users\/4"}],"replies":[{"embeddable":true,"href":"https:\/\/gerardoduque.com.mx\/index.php?rest_route=%2Fwp%2Fv2%2Fcomments&post=45285"}],"version-history":[{"count":1,"href":"https:\/\/gerardoduque.com.mx\/index.php?rest_route=\/wp\/v2\/posts\/45285\/revisions"}],"predecessor-version":[{"id":45289,"href":"https:\/\/gerardoduque.com.mx\/index.php?rest_route=\/wp\/v2\/posts\/45285\/revisions\/45289"}],"wp:featuredmedia":[{"embeddable":true,"href":"https:\/\/gerardoduque.com.mx\/index.php?rest_route=\/wp\/v2\/media\/45287"}],"wp:attachment":[{"href":"https:\/\/gerardoduque.com.mx\/index.php?rest_route=%2Fwp%2Fv2%2Fmedia&parent=45285"}],"wp:term":[{"taxonomy":"category","embeddable":true,"href":"https:\/\/gerardoduque.com.mx\/index.php?rest_route=%2Fwp%2Fv2%2Fcategories&post=45285"},{"taxonomy":"post_tag","embeddable":true,"href":"https:\/\/gerardoduque.com.mx\/index.php?rest_route=%2Fwp%2Fv2%2Ftags&post=45285"}],"curies":[{"name":"wp","href":"https:\/\/api.w.org\/{rel}","templated":true}]}}