{"id":45280,"date":"2026-02-02T16:03:47","date_gmt":"2026-02-02T22:03:47","guid":{"rendered":"https:\/\/gerardoduque.com.mx\/?p=45280"},"modified":"2026-03-15T16:05:18","modified_gmt":"2026-03-15T22:05:18","slug":"gobierno-capacita-docentes-en-igualdad-y-diversidad","status":"publish","type":"post","link":"https:\/\/gerardoduque.com.mx\/?p=45280","title":{"rendered":"GOBIERNO CAPACITA DOCENTES EN IGUALDAD Y DIVERSIDAD"},"content":{"rendered":"\n<p>La Secretar\u00eda de las Mujeres e Igualdad Sustantiva (Semujeres) capacit\u00f3 a 60 docentes de Educaci\u00f3n B\u00e1sica de la zona escolar 106 de la Secretar\u00eda de Educaci\u00f3n de Gobierno del Estado (SEGE) en la sesi\u00f3n \u201cLa diversidad nos incluye a todas, todos y todes\u201d, con el objetivo de impulsar acciones que promuevan la igualdad, los derechos humanos y la no discriminaci\u00f3n en las escuelas del Estado.<\/p>\n\n\n\n<p>Gloria Serrato S\u00e1nchez, encargada de despacho, explic\u00f3 que la capacitaci\u00f3n abord\u00f3 temas como la diferencia entre sexo y g\u00e9nero, uso correcto de pronombres, identidad y expresi\u00f3n de g\u00e9nero, orientaci\u00f3n sexual y conceptos relacionados con la diversidad y el acr\u00f3nimo LGBTTTIQ+, fomentando un ambiente educativo inclusivo y respetuoso.<\/p>\n\n\n\n<p>Estas capacitaciones continuar\u00e1n durante 2026 de manera presencial y virtual en las cuatro regiones del Estado, reforzando el compromiso del Gobierno Estatal con la formaci\u00f3n de docentes y consolidando el cambio que se vive y se siente en San Luis Potos\u00ed hacia una sociedad m\u00e1s igualitaria y libre de discriminaci\u00f3n.<\/p>\n","protected":false},"excerpt":{"rendered":"<p>La Secretar\u00eda de las Mujeres e Igualdad Sustantiva (Semujeres) capacit\u00f3 a 60 docentes de Educaci\u00f3n B\u00e1sica de la zona escolar 106 de la Secretar\u00eda de Educaci\u00f3n de Gobierno del Estado (SEGE) en la sesi\u00f3n \u201cLa diversidad nos incluye a todas, todos y todes\u201d, con el objetivo de impulsar acciones que promuevan la igualdad, los derechos [&hellip;]<\/p>\n","protected":false},"author":4,"featured_media":45282,"comment_status":"closed","ping_status":"closed","sticky":false,"template":"","format":"standard","meta":{"_et_pb_use_builder":"off","_et_pb_old_content":"","_et_gb_content_width":"","footnotes":""},"categories":[280],"tags":[72,66],"class_list":["post-45280","post","type-post","status-publish","format-standard","has-post-thumbnail","hentry","category-gob-slp","tag-gobierno-del-estado","tag-san-luis-potosi"],"_links":{"self":[{"href":"https:\/\/gerardoduque.com.mx\/index.php?rest_route=\/wp\/v2\/posts\/45280","targetHints":{"allow":["GET"]}}],"collection":[{"href":"https:\/\/gerardoduque.com.mx\/index.php?rest_route=\/wp\/v2\/posts"}],"about":[{"href":"https:\/\/gerardoduque.com.mx\/index.php?rest_route=\/wp\/v2\/types\/post"}],"author":[{"embeddable":true,"href":"https:\/\/gerardoduque.com.mx\/index.php?rest_route=\/wp\/v2\/users\/4"}],"replies":[{"embeddable":true,"href":"https:\/\/gerardoduque.com.mx\/index.php?rest_route=%2Fwp%2Fv2%2Fcomments&post=45280"}],"version-history":[{"count":1,"href":"https:\/\/gerardoduque.com.mx\/index.php?rest_route=\/wp\/v2\/posts\/45280\/revisions"}],"predecessor-version":[{"id":45283,"href":"https:\/\/gerardoduque.com.mx\/index.php?rest_route=\/wp\/v2\/posts\/45280\/revisions\/45283"}],"wp:featuredmedia":[{"embeddable":true,"href":"https:\/\/gerardoduque.com.mx\/index.php?rest_route=\/wp\/v2\/media\/45282"}],"wp:attachment":[{"href":"https:\/\/gerardoduque.com.mx\/index.php?rest_route=%2Fwp%2Fv2%2Fmedia&parent=45280"}],"wp:term":[{"taxonomy":"category","embeddable":true,"href":"https:\/\/gerardoduque.com.mx\/index.php?rest_route=%2Fwp%2Fv2%2Fcategories&post=45280"},{"taxonomy":"post_tag","embeddable":true,"href":"https:\/\/gerardoduque.com.mx\/index.php?rest_route=%2Fwp%2Fv2%2Ftags&post=45280"}],"curies":[{"name":"wp","href":"https:\/\/api.w.org\/{rel}","templated":true}]}}