{"id":45275,"date":"2026-02-02T16:02:11","date_gmt":"2026-02-02T22:02:11","guid":{"rendered":"https:\/\/gerardoduque.com.mx\/?p=45275"},"modified":"2026-03-15T16:03:38","modified_gmt":"2026-03-15T22:03:38","slug":"gobierno-lanza-convocatoria-a-premios-en-educacion","status":"publish","type":"post","link":"https:\/\/gerardoduque.com.mx\/?p=45275","title":{"rendered":"GOBIERNO LANZA CONVOCATORIA A PREMIOS EN EDUCACI\u00d3N"},"content":{"rendered":"\n<p>Con la revisi\u00f3n y validaci\u00f3n de los lineamientos, qued\u00f3 formalizada la convocatoria de los Premios municipales y estatales de Educaci\u00f3n 2026, tras una reuni\u00f3n de trabajo en la preparatoria \u201cLic. Jes\u00fas Silva Herzog\u201d. El encuentro permiti\u00f3 afinar criterios y garantizar un proceso ordenado que valore de manera justa el desempe\u00f1o de las y los docentes, en un contexto donde el cambio que se vive y se siente tambi\u00e9n se refleja en el reconocimiento al esfuerzo diario en las aulas.<\/p>\n\n\n\n<p>La sesi\u00f3n fue encabezada por el director general del Sistema Educativo Estatal Regular (SEER), Mart\u00edn Rodr\u00edguez Ram\u00edrez, con participaci\u00f3n de la representaci\u00f3n sindical, privilegiando el di\u00e1logo y el apego a los lineamientos. Como resultado, se defini\u00f3 una convocatoria que contempla 10 premios estatales y 88 municipales, fortaleciendo la consolidaci\u00f3n educativa en San Luis Potos\u00ed bajo el impulso de Ricardo Gallardo Cardona y el reconocimiento a quienes hacen posible la educaci\u00f3n de calidad en todo el Estado.<\/p>\n","protected":false},"excerpt":{"rendered":"<p>Con la revisi\u00f3n y validaci\u00f3n de los lineamientos, qued\u00f3 formalizada la convocatoria de los Premios municipales y estatales de Educaci\u00f3n 2026, tras una reuni\u00f3n de trabajo en la preparatoria \u201cLic. Jes\u00fas Silva Herzog\u201d. El encuentro permiti\u00f3 afinar criterios y garantizar un proceso ordenado que valore de manera justa el desempe\u00f1o de las y los docentes, [&hellip;]<\/p>\n","protected":false},"author":4,"featured_media":45278,"comment_status":"closed","ping_status":"closed","sticky":false,"template":"","format":"standard","meta":{"_et_pb_use_builder":"off","_et_pb_old_content":"","_et_gb_content_width":"","footnotes":""},"categories":[280],"tags":[72,66],"class_list":["post-45275","post","type-post","status-publish","format-standard","has-post-thumbnail","hentry","category-gob-slp","tag-gobierno-del-estado","tag-san-luis-potosi"],"_links":{"self":[{"href":"https:\/\/gerardoduque.com.mx\/index.php?rest_route=\/wp\/v2\/posts\/45275","targetHints":{"allow":["GET"]}}],"collection":[{"href":"https:\/\/gerardoduque.com.mx\/index.php?rest_route=\/wp\/v2\/posts"}],"about":[{"href":"https:\/\/gerardoduque.com.mx\/index.php?rest_route=\/wp\/v2\/types\/post"}],"author":[{"embeddable":true,"href":"https:\/\/gerardoduque.com.mx\/index.php?rest_route=\/wp\/v2\/users\/4"}],"replies":[{"embeddable":true,"href":"https:\/\/gerardoduque.com.mx\/index.php?rest_route=%2Fwp%2Fv2%2Fcomments&post=45275"}],"version-history":[{"count":1,"href":"https:\/\/gerardoduque.com.mx\/index.php?rest_route=\/wp\/v2\/posts\/45275\/revisions"}],"predecessor-version":[{"id":45279,"href":"https:\/\/gerardoduque.com.mx\/index.php?rest_route=\/wp\/v2\/posts\/45275\/revisions\/45279"}],"wp:featuredmedia":[{"embeddable":true,"href":"https:\/\/gerardoduque.com.mx\/index.php?rest_route=\/wp\/v2\/media\/45278"}],"wp:attachment":[{"href":"https:\/\/gerardoduque.com.mx\/index.php?rest_route=%2Fwp%2Fv2%2Fmedia&parent=45275"}],"wp:term":[{"taxonomy":"category","embeddable":true,"href":"https:\/\/gerardoduque.com.mx\/index.php?rest_route=%2Fwp%2Fv2%2Fcategories&post=45275"},{"taxonomy":"post_tag","embeddable":true,"href":"https:\/\/gerardoduque.com.mx\/index.php?rest_route=%2Fwp%2Fv2%2Ftags&post=45275"}],"curies":[{"name":"wp","href":"https:\/\/api.w.org\/{rel}","templated":true}]}}