{"id":45250,"date":"2026-02-02T15:55:08","date_gmt":"2026-02-02T21:55:08","guid":{"rendered":"https:\/\/gerardoduque.com.mx\/?p=45250"},"modified":"2026-03-15T15:56:08","modified_gmt":"2026-03-15T21:56:08","slug":"impulsa-gobierno-del-estado-apoyo-a-potosinos-migrantes-en-matehuala-2","status":"publish","type":"post","link":"https:\/\/gerardoduque.com.mx\/?p=45250","title":{"rendered":"IMPULSA GOBIERNO DEL ESTADO APOYO A POTOSINOS MIGRANTES EN MATEHUALA"},"content":{"rendered":"\n<p>Con el objetivo de apoyar sin l\u00edmites a las personas mayores de 62 a\u00f1os que trabajaron en Estados Unidos por m\u00e1s de 10 a\u00f1os y cuentan con alta en el sistema de Seguridad Social de ese pa\u00eds, y siguiendo las indicaciones del Gobernador del Estado, Ricardo Gallardo Cardona, se llev\u00f3 a cabo en el municipio de Matehuala la inscripci\u00f3n y recepci\u00f3n de tr\u00e1mites para el programa de pensi\u00f3n y seguro social americanos, reflejando el cambio que se vive y se siente en San Luis Potos\u00ed.<\/p>\n\n\n\n<p>La jornada fue coordinada por el titular del Instituto de Migraci\u00f3n y Enlace Internacional (IMEI), Luis Enrique Hern\u00e1ndez Segura, y avalada por Juan Alejandro Guerrero M\u00e9ndez, asistente consular de la Unidad de Beneficios Federales (FBU) de la Embajada de los Estados Unidos en M\u00e9xico, lo que otorg\u00f3 certeza y legalidad al programa permanente que durante 2025 ha beneficiado a m\u00e1s de 170 potosinas y potosinos.<\/p>\n\n\n\n<p>Hern\u00e1ndez Segura reconoci\u00f3 la colaboraci\u00f3n del presidente municipal Ra\u00fal Ortega Rodr\u00edguez y destac\u00f3 que estas acciones refrendan el compromiso del Gobierno del Estado con quienes entregaron a\u00f1os de trabajo en el vecino pa\u00eds del norte, y hoy reciben un justo reconocimiento econ\u00f3mico; el programa continuar\u00e1 durante el a\u00f1o y las personas interesadas pueden solicitar informaci\u00f3n y citas al tel\u00e9fono 444 812 69 34.<\/p>\n","protected":false},"excerpt":{"rendered":"<p>Con el objetivo de apoyar sin l\u00edmites a las personas mayores de 62 a\u00f1os que trabajaron en Estados Unidos por m\u00e1s de 10 a\u00f1os y cuentan con alta en el sistema de Seguridad Social de ese pa\u00eds, y siguiendo las indicaciones del Gobernador del Estado, Ricardo Gallardo Cardona, se llev\u00f3 a cabo en el municipio [&hellip;]<\/p>\n","protected":false},"author":4,"featured_media":45251,"comment_status":"closed","ping_status":"closed","sticky":false,"template":"","format":"standard","meta":{"_et_pb_use_builder":"off","_et_pb_old_content":"","_et_gb_content_width":"","footnotes":""},"categories":[280],"tags":[72,66],"class_list":["post-45250","post","type-post","status-publish","format-standard","has-post-thumbnail","hentry","category-gob-slp","tag-gobierno-del-estado","tag-san-luis-potosi"],"_links":{"self":[{"href":"https:\/\/gerardoduque.com.mx\/index.php?rest_route=\/wp\/v2\/posts\/45250","targetHints":{"allow":["GET"]}}],"collection":[{"href":"https:\/\/gerardoduque.com.mx\/index.php?rest_route=\/wp\/v2\/posts"}],"about":[{"href":"https:\/\/gerardoduque.com.mx\/index.php?rest_route=\/wp\/v2\/types\/post"}],"author":[{"embeddable":true,"href":"https:\/\/gerardoduque.com.mx\/index.php?rest_route=\/wp\/v2\/users\/4"}],"replies":[{"embeddable":true,"href":"https:\/\/gerardoduque.com.mx\/index.php?rest_route=%2Fwp%2Fv2%2Fcomments&post=45250"}],"version-history":[{"count":1,"href":"https:\/\/gerardoduque.com.mx\/index.php?rest_route=\/wp\/v2\/posts\/45250\/revisions"}],"predecessor-version":[{"id":45253,"href":"https:\/\/gerardoduque.com.mx\/index.php?rest_route=\/wp\/v2\/posts\/45250\/revisions\/45253"}],"wp:featuredmedia":[{"embeddable":true,"href":"https:\/\/gerardoduque.com.mx\/index.php?rest_route=\/wp\/v2\/media\/45251"}],"wp:attachment":[{"href":"https:\/\/gerardoduque.com.mx\/index.php?rest_route=%2Fwp%2Fv2%2Fmedia&parent=45250"}],"wp:term":[{"taxonomy":"category","embeddable":true,"href":"https:\/\/gerardoduque.com.mx\/index.php?rest_route=%2Fwp%2Fv2%2Fcategories&post=45250"},{"taxonomy":"post_tag","embeddable":true,"href":"https:\/\/gerardoduque.com.mx\/index.php?rest_route=%2Fwp%2Fv2%2Ftags&post=45250"}],"curies":[{"name":"wp","href":"https:\/\/api.w.org\/{rel}","templated":true}]}}