{"id":45247,"date":"2026-02-02T15:54:05","date_gmt":"2026-02-02T21:54:05","guid":{"rendered":"https:\/\/gerardoduque.com.mx\/?p=45247"},"modified":"2026-03-15T15:54:57","modified_gmt":"2026-03-15T21:54:57","slug":"fortalece-gobierno-del-estado-acciones-ambientales-en-la-segam-2","status":"publish","type":"post","link":"https:\/\/gerardoduque.com.mx\/?p=45247","title":{"rendered":"FORTALECE GOBIERNO DEL ESTADO ACCIONES AMBIENTALES EN LA SEGAM"},"content":{"rendered":"\n<p>Con una inversi\u00f3n de 1.5 millones de pesos, el Gobernador del Estado Ricardo Gallardo Cardona fortaleci\u00f3 a la Secretar\u00eda de Ecolog\u00eda y Gesti\u00f3n Ambiental (Segam) mediante el equipamiento de su personal, con el objetivo de reactivar el vivero de la dependencia y reforzar las acciones de reforestaci\u00f3n y protecci\u00f3n ambiental en San Luis Potos\u00ed.<\/p>\n\n\n\n<p>El vivero de la Segam, ubicado en el parque Tangamanga I, cuenta ahora con herramientas y materiales que optimizan los procesos de producci\u00f3n vegetal, mejoran las condiciones laborales y ampl\u00edan la capacidad operativa para atender los programas ambientales del Gobierno del Estado.<\/p>\n\n\n\n<p>La titular de la dependencia, Sonia Mendoza D\u00edaz, inform\u00f3 que el nuevo equipamiento permitir\u00e1 la reproducci\u00f3n de m\u00e1s de 130 mil plantas en 2026, y reconoci\u00f3 el respaldo del Gobernador, destacando que estas inversiones reflejan el cambio positivo que se vive en San Luis Potos\u00ed en favor del medio ambiente y el desarrollo sustentable.<\/p>\n","protected":false},"excerpt":{"rendered":"<p>Con una inversi\u00f3n de 1.5 millones de pesos, el Gobernador del Estado Ricardo Gallardo Cardona fortaleci\u00f3 a la Secretar\u00eda de Ecolog\u00eda y Gesti\u00f3n Ambiental (Segam) mediante el equipamiento de su personal, con el objetivo de reactivar el vivero de la dependencia y reforzar las acciones de reforestaci\u00f3n y protecci\u00f3n ambiental en San Luis Potos\u00ed. El [&hellip;]<\/p>\n","protected":false},"author":4,"featured_media":45248,"comment_status":"closed","ping_status":"closed","sticky":false,"template":"","format":"standard","meta":{"_et_pb_use_builder":"off","_et_pb_old_content":"","_et_gb_content_width":"","footnotes":""},"categories":[280],"tags":[72,66],"class_list":["post-45247","post","type-post","status-publish","format-standard","has-post-thumbnail","hentry","category-gob-slp","tag-gobierno-del-estado","tag-san-luis-potosi"],"_links":{"self":[{"href":"https:\/\/gerardoduque.com.mx\/index.php?rest_route=\/wp\/v2\/posts\/45247","targetHints":{"allow":["GET"]}}],"collection":[{"href":"https:\/\/gerardoduque.com.mx\/index.php?rest_route=\/wp\/v2\/posts"}],"about":[{"href":"https:\/\/gerardoduque.com.mx\/index.php?rest_route=\/wp\/v2\/types\/post"}],"author":[{"embeddable":true,"href":"https:\/\/gerardoduque.com.mx\/index.php?rest_route=\/wp\/v2\/users\/4"}],"replies":[{"embeddable":true,"href":"https:\/\/gerardoduque.com.mx\/index.php?rest_route=%2Fwp%2Fv2%2Fcomments&post=45247"}],"version-history":[{"count":1,"href":"https:\/\/gerardoduque.com.mx\/index.php?rest_route=\/wp\/v2\/posts\/45247\/revisions"}],"predecessor-version":[{"id":45249,"href":"https:\/\/gerardoduque.com.mx\/index.php?rest_route=\/wp\/v2\/posts\/45247\/revisions\/45249"}],"wp:featuredmedia":[{"embeddable":true,"href":"https:\/\/gerardoduque.com.mx\/index.php?rest_route=\/wp\/v2\/media\/45248"}],"wp:attachment":[{"href":"https:\/\/gerardoduque.com.mx\/index.php?rest_route=%2Fwp%2Fv2%2Fmedia&parent=45247"}],"wp:term":[{"taxonomy":"category","embeddable":true,"href":"https:\/\/gerardoduque.com.mx\/index.php?rest_route=%2Fwp%2Fv2%2Fcategories&post=45247"},{"taxonomy":"post_tag","embeddable":true,"href":"https:\/\/gerardoduque.com.mx\/index.php?rest_route=%2Fwp%2Fv2%2Ftags&post=45247"}],"curies":[{"name":"wp","href":"https:\/\/api.w.org\/{rel}","templated":true}]}}