{"id":45237,"date":"2026-02-08T15:25:52","date_gmt":"2026-02-08T21:25:52","guid":{"rendered":"https:\/\/gerardoduque.com.mx\/?p=45237"},"modified":"2026-03-15T15:26:47","modified_gmt":"2026-03-15T21:26:47","slug":"continua-registro-de-comunidades-indigenas-en-el-padron-estatal","status":"publish","type":"post","link":"https:\/\/gerardoduque.com.mx\/?p=45237","title":{"rendered":"CONTIN\u00daA REGISTRO DE COMUNIDADES IND\u00cdGENAS EN EL PADR\u00d3N ESTATAL"},"content":{"rendered":"\n<p>Como parte del compromiso del Gobernador Ricardo Gallardo Cardona para garantizar el reconocimiento y la protecci\u00f3n de los derechos colectivos de los pueblos originarios, el Gobierno del Estado mantiene el seguimiento permanente a las solicitudes de inscripci\u00f3n de comunidades ind\u00edgenas en el Padr\u00f3n Estatal. Esta labor busca reconocer formalmente la autoadscripci\u00f3n de las comunidades y fortalecer su participaci\u00f3n en la vida p\u00fablica.<\/p>\n\n\n\n<p>El Instituto de Desarrollo Humano y Social de los Pueblos y Comunidades Ind\u00edgenas (Indepi) da continuidad a este proceso mediante la atenci\u00f3n constante de solicitudes en las regiones Centro, Media y Huasteca, brindando acompa\u00f1amiento institucional a las personas y comunidades interesadas para asegurar un procedimiento ordenado y conforme a la ley.<\/p>\n\n\n\n<p>El procedimiento se realiza a petici\u00f3n de las propias comunidades e incluye acciones conjuntas como visitas de campo para la verificaci\u00f3n de informaci\u00f3n y la integraci\u00f3n de expedientes. Una vez cumplidos los requisitos establecidos, se consolida el reconocimiento formal, fortaleciendo la vinculaci\u00f3n institucional y el respeto a los derechos de los pueblos y comunidades ind\u00edgenas.<\/p>\n","protected":false},"excerpt":{"rendered":"<p>Como parte del compromiso del Gobernador Ricardo Gallardo Cardona para garantizar el reconocimiento y la protecci\u00f3n de los derechos colectivos de los pueblos originarios, el Gobierno del Estado mantiene el seguimiento permanente a las solicitudes de inscripci\u00f3n de comunidades ind\u00edgenas en el Padr\u00f3n Estatal. Esta labor busca reconocer formalmente la autoadscripci\u00f3n de las comunidades y [&hellip;]<\/p>\n","protected":false},"author":4,"featured_media":45238,"comment_status":"closed","ping_status":"closed","sticky":false,"template":"","format":"standard","meta":{"_et_pb_use_builder":"off","_et_pb_old_content":"","_et_gb_content_width":"","footnotes":""},"categories":[280],"tags":[72,66],"class_list":["post-45237","post","type-post","status-publish","format-standard","has-post-thumbnail","hentry","category-gob-slp","tag-gobierno-del-estado","tag-san-luis-potosi"],"_links":{"self":[{"href":"https:\/\/gerardoduque.com.mx\/index.php?rest_route=\/wp\/v2\/posts\/45237","targetHints":{"allow":["GET"]}}],"collection":[{"href":"https:\/\/gerardoduque.com.mx\/index.php?rest_route=\/wp\/v2\/posts"}],"about":[{"href":"https:\/\/gerardoduque.com.mx\/index.php?rest_route=\/wp\/v2\/types\/post"}],"author":[{"embeddable":true,"href":"https:\/\/gerardoduque.com.mx\/index.php?rest_route=\/wp\/v2\/users\/4"}],"replies":[{"embeddable":true,"href":"https:\/\/gerardoduque.com.mx\/index.php?rest_route=%2Fwp%2Fv2%2Fcomments&post=45237"}],"version-history":[{"count":1,"href":"https:\/\/gerardoduque.com.mx\/index.php?rest_route=\/wp\/v2\/posts\/45237\/revisions"}],"predecessor-version":[{"id":45239,"href":"https:\/\/gerardoduque.com.mx\/index.php?rest_route=\/wp\/v2\/posts\/45237\/revisions\/45239"}],"wp:featuredmedia":[{"embeddable":true,"href":"https:\/\/gerardoduque.com.mx\/index.php?rest_route=\/wp\/v2\/media\/45238"}],"wp:attachment":[{"href":"https:\/\/gerardoduque.com.mx\/index.php?rest_route=%2Fwp%2Fv2%2Fmedia&parent=45237"}],"wp:term":[{"taxonomy":"category","embeddable":true,"href":"https:\/\/gerardoduque.com.mx\/index.php?rest_route=%2Fwp%2Fv2%2Fcategories&post=45237"},{"taxonomy":"post_tag","embeddable":true,"href":"https:\/\/gerardoduque.com.mx\/index.php?rest_route=%2Fwp%2Fv2%2Ftags&post=45237"}],"curies":[{"name":"wp","href":"https:\/\/api.w.org\/{rel}","templated":true}]}}