{"id":45234,"date":"2026-02-08T15:23:39","date_gmt":"2026-02-08T21:23:39","guid":{"rendered":"https:\/\/gerardoduque.com.mx\/?p=45234"},"modified":"2026-03-15T15:25:44","modified_gmt":"2026-03-15T21:25:44","slug":"unidad-regional-fortalece-la-estrategia-de-atraccion-de-inversiones-en-el-bajio-2","status":"publish","type":"post","link":"https:\/\/gerardoduque.com.mx\/?p=45234","title":{"rendered":"UNIDAD REGIONAL FORTALECE LA ESTRATEGIA DE ATRACCI\u00d3N DE INVERSIONES EN EL BAJ\u00cdO"},"content":{"rendered":"\n<p>San Luis Potos\u00ed reafirma su liderazgo econ\u00f3mico regional al fortalecer una estrategia de coordinaci\u00f3n sin l\u00edmites con la Federaci\u00f3n y los estados del Baj\u00edo, en alineaci\u00f3n con la visi\u00f3n de desarrollo del Gobernador Ricardo Gallardo Cardona, orientada a consolidar al Estado como un polo competitivo y atractivo para la inversi\u00f3n. Esta articulaci\u00f3n regional impulsa una agenda com\u00fan que fortalece la econom\u00eda, la generaci\u00f3n de empleos y el crecimiento sostenible.<\/p>\n\n\n\n<p>En este marco, el titular de la Secretar\u00eda de Desarrollo Econ\u00f3mico, Jes\u00fas Salvador Gonz\u00e1lez Mart\u00ednez, destac\u00f3 que la alianza con la Secretar\u00eda de Econom\u00eda Federal y las entidades del Baj\u00edo tiene como objetivos principales potenciar sectores estrat\u00e9gicos como el automotriz, aeroespacial y agroindustrial, as\u00ed como consolidar una estrategia regional para la atracci\u00f3n de inversiones, el intercambio de informaci\u00f3n y la coordinaci\u00f3n institucional permanente.<\/p>\n\n\n\n<p>Lo anterior se abord\u00f3 durante una reuni\u00f3n estrat\u00e9gica con funcionarios de la Secretar\u00eda de Econom\u00eda Federal y las y los Secretarios de Desarrollo Econ\u00f3mico de Guanajuato, Aguascalientes y Quer\u00e9taro, en la que participaron Carlos Alfonso Candelaria L\u00f3pez, Enrique Salom\u00f3n Rosas Ram\u00edrez y Vidal Llerenas Morales.<\/p>\n","protected":false},"excerpt":{"rendered":"<p>San Luis Potos\u00ed reafirma su liderazgo econ\u00f3mico regional al fortalecer una estrategia de coordinaci\u00f3n sin l\u00edmites con la Federaci\u00f3n y los estados del Baj\u00edo, en alineaci\u00f3n con la visi\u00f3n de desarrollo del Gobernador Ricardo Gallardo Cardona, orientada a consolidar al Estado como un polo competitivo y atractivo para la inversi\u00f3n. Esta articulaci\u00f3n regional impulsa una [&hellip;]<\/p>\n","protected":false},"author":4,"featured_media":45235,"comment_status":"closed","ping_status":"closed","sticky":false,"template":"","format":"standard","meta":{"_et_pb_use_builder":"off","_et_pb_old_content":"","_et_gb_content_width":"","footnotes":""},"categories":[280],"tags":[72,66],"class_list":["post-45234","post","type-post","status-publish","format-standard","has-post-thumbnail","hentry","category-gob-slp","tag-gobierno-del-estado","tag-san-luis-potosi"],"_links":{"self":[{"href":"https:\/\/gerardoduque.com.mx\/index.php?rest_route=\/wp\/v2\/posts\/45234","targetHints":{"allow":["GET"]}}],"collection":[{"href":"https:\/\/gerardoduque.com.mx\/index.php?rest_route=\/wp\/v2\/posts"}],"about":[{"href":"https:\/\/gerardoduque.com.mx\/index.php?rest_route=\/wp\/v2\/types\/post"}],"author":[{"embeddable":true,"href":"https:\/\/gerardoduque.com.mx\/index.php?rest_route=\/wp\/v2\/users\/4"}],"replies":[{"embeddable":true,"href":"https:\/\/gerardoduque.com.mx\/index.php?rest_route=%2Fwp%2Fv2%2Fcomments&post=45234"}],"version-history":[{"count":1,"href":"https:\/\/gerardoduque.com.mx\/index.php?rest_route=\/wp\/v2\/posts\/45234\/revisions"}],"predecessor-version":[{"id":45236,"href":"https:\/\/gerardoduque.com.mx\/index.php?rest_route=\/wp\/v2\/posts\/45234\/revisions\/45236"}],"wp:featuredmedia":[{"embeddable":true,"href":"https:\/\/gerardoduque.com.mx\/index.php?rest_route=\/wp\/v2\/media\/45235"}],"wp:attachment":[{"href":"https:\/\/gerardoduque.com.mx\/index.php?rest_route=%2Fwp%2Fv2%2Fmedia&parent=45234"}],"wp:term":[{"taxonomy":"category","embeddable":true,"href":"https:\/\/gerardoduque.com.mx\/index.php?rest_route=%2Fwp%2Fv2%2Fcategories&post=45234"},{"taxonomy":"post_tag","embeddable":true,"href":"https:\/\/gerardoduque.com.mx\/index.php?rest_route=%2Fwp%2Fv2%2Ftags&post=45234"}],"curies":[{"name":"wp","href":"https:\/\/api.w.org\/{rel}","templated":true}]}}