{"id":45231,"date":"2026-02-08T03:10:00","date_gmt":"2026-02-08T09:10:00","guid":{"rendered":"https:\/\/gerardoduque.com.mx\/?p=45231"},"modified":"2026-03-15T15:11:11","modified_gmt":"2026-03-15T21:11:11","slug":"curso-de-manejo-para-jovenes-se-extiende-a-tamuin","status":"publish","type":"post","link":"https:\/\/gerardoduque.com.mx\/?p=45231","title":{"rendered":"CURSO DE MANEJO PARA J\u00d3VENES SE EXTIENDE A TAMU\u00cdN"},"content":{"rendered":"\n<p>Como parte de las acciones impulsadas por el Gobernador Ricardo Gallardo Cardona para fortalecer la seguridad vial y promover la protecci\u00f3n de las y los j\u00f3venes, durante febrero se abrir\u00e1 en Tamu\u00edn la convocatoria del programa \u201cJ\u00f3venes al Volante\u201d, coordinado por el Instituto Potosino de la Juventud (Inpojuve) en la regi\u00f3n Huasteca.<\/p>\n\n\n\n<p>Las inscripciones presenciales se realizar\u00e1n los d\u00edas 9 y 10 de febrero, de 9:00 a 15:00 horas, en el sal\u00f3n de Cabildo de la Presidencia Municipal. El curso contempla formaci\u00f3n te\u00f3rica y pr\u00e1ctica con veh\u00edculos est\u00e1ndar y horarios flexibles de lunes a s\u00e1bado, dirigido a j\u00f3venes de entre 15 y 29 a\u00f1os, con una cuota de recuperaci\u00f3n de 665 pesos.<\/p>\n\n\n\n<p>El programa ha ampliado su cobertura hacia las cuatro regiones del Estado tras beneficiar a m\u00e1s de tres mil j\u00f3venes en 2025. La llegada a Tamu\u00edn forma parte de una estrategia que acerca capacitaci\u00f3n vial, fomenta una conducci\u00f3n responsable y brinda herramientas para una movilidad segura y sin l\u00edmites.<\/p>\n","protected":false},"excerpt":{"rendered":"<p>Como parte de las acciones impulsadas por el Gobernador Ricardo Gallardo Cardona para fortalecer la seguridad vial y promover la protecci\u00f3n de las y los j\u00f3venes, durante febrero se abrir\u00e1 en Tamu\u00edn la convocatoria del programa \u201cJ\u00f3venes al Volante\u201d, coordinado por el Instituto Potosino de la Juventud (Inpojuve) en la regi\u00f3n Huasteca. Las inscripciones presenciales [&hellip;]<\/p>\n","protected":false},"author":4,"featured_media":45232,"comment_status":"closed","ping_status":"closed","sticky":false,"template":"","format":"standard","meta":{"_et_pb_use_builder":"off","_et_pb_old_content":"","_et_gb_content_width":"","footnotes":""},"categories":[280],"tags":[72,66],"class_list":["post-45231","post","type-post","status-publish","format-standard","has-post-thumbnail","hentry","category-gob-slp","tag-gobierno-del-estado","tag-san-luis-potosi"],"_links":{"self":[{"href":"https:\/\/gerardoduque.com.mx\/index.php?rest_route=\/wp\/v2\/posts\/45231","targetHints":{"allow":["GET"]}}],"collection":[{"href":"https:\/\/gerardoduque.com.mx\/index.php?rest_route=\/wp\/v2\/posts"}],"about":[{"href":"https:\/\/gerardoduque.com.mx\/index.php?rest_route=\/wp\/v2\/types\/post"}],"author":[{"embeddable":true,"href":"https:\/\/gerardoduque.com.mx\/index.php?rest_route=\/wp\/v2\/users\/4"}],"replies":[{"embeddable":true,"href":"https:\/\/gerardoduque.com.mx\/index.php?rest_route=%2Fwp%2Fv2%2Fcomments&post=45231"}],"version-history":[{"count":1,"href":"https:\/\/gerardoduque.com.mx\/index.php?rest_route=\/wp\/v2\/posts\/45231\/revisions"}],"predecessor-version":[{"id":45233,"href":"https:\/\/gerardoduque.com.mx\/index.php?rest_route=\/wp\/v2\/posts\/45231\/revisions\/45233"}],"wp:featuredmedia":[{"embeddable":true,"href":"https:\/\/gerardoduque.com.mx\/index.php?rest_route=\/wp\/v2\/media\/45232"}],"wp:attachment":[{"href":"https:\/\/gerardoduque.com.mx\/index.php?rest_route=%2Fwp%2Fv2%2Fmedia&parent=45231"}],"wp:term":[{"taxonomy":"category","embeddable":true,"href":"https:\/\/gerardoduque.com.mx\/index.php?rest_route=%2Fwp%2Fv2%2Fcategories&post=45231"},{"taxonomy":"post_tag","embeddable":true,"href":"https:\/\/gerardoduque.com.mx\/index.php?rest_route=%2Fwp%2Fv2%2Ftags&post=45231"}],"curies":[{"name":"wp","href":"https:\/\/api.w.org\/{rel}","templated":true}]}}