{"id":45228,"date":"2026-02-08T15:06:49","date_gmt":"2026-02-08T21:06:49","guid":{"rendered":"https:\/\/gerardoduque.com.mx\/?p=45228"},"modified":"2026-03-15T15:07:56","modified_gmt":"2026-03-15T21:07:56","slug":"gobierno-del-estado-refuerza-campana-informativa-sobre-sarampion-y-viruela","status":"publish","type":"post","link":"https:\/\/gerardoduque.com.mx\/?p=45228","title":{"rendered":"GOBIERNO DEL ESTADO REFUERZA CAMPA\u00d1A INFORMATIVA SOBRE SARAMPI\u00d3N Y VIRUELA"},"content":{"rendered":"\n<p>El Gobierno del Estado de San Luis Potos\u00ed mantiene y refuerza la campa\u00f1a informativa sobre la importancia de identificar oportunamente y prevenir el sarampi\u00f3n y la varicela, dos enfermedades contagiosas que se presentan con mayor frecuencia en la infancia.<\/p>\n\n\n\n<p>El sarampi\u00f3n se caracteriza por provocar fiebre alta, tos, ojos enrojecidos y la aparici\u00f3n de micro manchitas (salpullido)&nbsp; rojas en la piel, mientras que la varicela, al ser una enfermedad menos agresiva, suele manifestarse con fiebre leve y ampollas con l\u00edquido que generan intensa comez\u00f3n.<\/p>\n\n\n\n<p>Aunque ambas enfermedades se contagian con facilidad, es posible diferenciarlas por sus s\u00edntomas. En la varicela, las ampollas aparecen de forma irregular en distintas partes del cuerpo y causan picaz\u00f3n constante. En el caso del sarampi\u00f3n, las manchas rojas son m\u00e1s peque\u00f1as, no presentan ampollas y se distribuyen de manera m\u00e1s uniforme, acompa\u00f1adas generalmente de fiebre elevada y s\u00edntomas respiratorios como la tos.<\/p>\n\n\n\n<p>Ante la presencia de s\u00edntomas, se recomienda mantener a la ni\u00f1a o ni\u00f1o en casa y evitar su asistencia a la escuela, no automedicar y acudir de inmediato con un profesional de la salud, en las cl\u00ednicas y hospitales del IMSS-BIENESTAR para una valoraci\u00f3n adecuada.<\/p>\n\n\n\n<p>Asimismo, es importante informar a la instituci\u00f3n educativa sobre el caso, ya que esto permite reforzar las medidas preventivas y proteger a la comunidad escolar.<\/p>\n\n\n\n<p>Los dem\u00e1s integrantes de la familia pueden continuar con sus actividades escolares siempre que no presenten s\u00edntomas y cuenten con su esquema de vacunaci\u00f3n completo, manteniendo vigilancia constante.<\/p>\n\n\n\n<p>El regreso a la escuela del menor enfermo deber\u00e1 realizarse \u00fanicamente cuando ya no existan signos de contagio; en el caso de la varicela, cuando desaparezcan las ampollas, y en el sarampi\u00f3n, conforme a la indicaci\u00f3n m\u00e9dica.<\/p>\n\n\n\n<p>Finalmente, el Gobierno del Estado informa que el programa, \u201cApoyo Seguro al Estudiante\u201d no aplica para tratamientos de sarampi\u00f3n y varicela, ya que solo atiende lesiones o accidentes al interior de los planteles, sin embargo, el Gobierno Estatal y Federal mantienen campa\u00f1as de vacunaci\u00f3n en cl\u00ednicas y centros m\u00e9dicos de la entidad.<\/p>\n","protected":false},"excerpt":{"rendered":"<p>El Gobierno del Estado de San Luis Potos\u00ed mantiene y refuerza la campa\u00f1a informativa sobre la importancia de identificar oportunamente y prevenir el sarampi\u00f3n y la varicela, dos enfermedades contagiosas que se presentan con mayor frecuencia en la infancia. El sarampi\u00f3n se caracteriza por provocar fiebre alta, tos, ojos enrojecidos y la aparici\u00f3n de micro [&hellip;]<\/p>\n","protected":false},"author":4,"featured_media":45229,"comment_status":"closed","ping_status":"closed","sticky":false,"template":"","format":"standard","meta":{"_et_pb_use_builder":"off","_et_pb_old_content":"","_et_gb_content_width":"","footnotes":""},"categories":[280],"tags":[72,66],"class_list":["post-45228","post","type-post","status-publish","format-standard","has-post-thumbnail","hentry","category-gob-slp","tag-gobierno-del-estado","tag-san-luis-potosi"],"_links":{"self":[{"href":"https:\/\/gerardoduque.com.mx\/index.php?rest_route=\/wp\/v2\/posts\/45228","targetHints":{"allow":["GET"]}}],"collection":[{"href":"https:\/\/gerardoduque.com.mx\/index.php?rest_route=\/wp\/v2\/posts"}],"about":[{"href":"https:\/\/gerardoduque.com.mx\/index.php?rest_route=\/wp\/v2\/types\/post"}],"author":[{"embeddable":true,"href":"https:\/\/gerardoduque.com.mx\/index.php?rest_route=\/wp\/v2\/users\/4"}],"replies":[{"embeddable":true,"href":"https:\/\/gerardoduque.com.mx\/index.php?rest_route=%2Fwp%2Fv2%2Fcomments&post=45228"}],"version-history":[{"count":1,"href":"https:\/\/gerardoduque.com.mx\/index.php?rest_route=\/wp\/v2\/posts\/45228\/revisions"}],"predecessor-version":[{"id":45230,"href":"https:\/\/gerardoduque.com.mx\/index.php?rest_route=\/wp\/v2\/posts\/45228\/revisions\/45230"}],"wp:featuredmedia":[{"embeddable":true,"href":"https:\/\/gerardoduque.com.mx\/index.php?rest_route=\/wp\/v2\/media\/45229"}],"wp:attachment":[{"href":"https:\/\/gerardoduque.com.mx\/index.php?rest_route=%2Fwp%2Fv2%2Fmedia&parent=45228"}],"wp:term":[{"taxonomy":"category","embeddable":true,"href":"https:\/\/gerardoduque.com.mx\/index.php?rest_route=%2Fwp%2Fv2%2Fcategories&post=45228"},{"taxonomy":"post_tag","embeddable":true,"href":"https:\/\/gerardoduque.com.mx\/index.php?rest_route=%2Fwp%2Fv2%2Ftags&post=45228"}],"curies":[{"name":"wp","href":"https:\/\/api.w.org\/{rel}","templated":true}]}}